{"id":8916,"date":"2025-12-17T11:49:57","date_gmt":"2025-12-17T10:49:57","guid":{"rendered":"https:\/\/coiqcv.com\/?p=8916"},"modified":"2026-02-05T10:26:48","modified_gmt":"2026-02-05T09:26:48","slug":"union-profesional-impulsa-un-distintivo-de-excelencia-para-colegiados","status":"publish","type":"post","link":"https:\/\/coiqcv.com\/val\/union-profesional-impulsa-un-distintivo-de-excelencia-para-colegiados\/","title":{"rendered":"Uni\u00f3 Professional impulsa un distintiu d&#039;excel\u00b7l\u00e8ncia per a col\u00b7legiats"},"content":{"rendered":"<p>A la recent assemblea d&#039;Uni\u00f3 Professional, celebrada el 16 de desembre, es va presentar una iniciativa innovadora destinada a recon\u00e8ixer l&#039;excel\u00b7l\u00e8ncia entre els professionals col\u00b7legiats. <strong>Jos\u00e9 Luis Fayos, Vicepresident del COIQCV<\/strong>, va assistir a la reuni\u00f3 i va destacar els punts m\u00e9s rellevants tractats.<\/p>\n\n\n\n<p>Un dels projectes m\u00e9s destacats \u00e9s la creaci\u00f3 d&#039;un <strong>distintiu d&#039;excel\u00b7l\u00e8ncia<\/strong>, que podr\u00e0 ser sol\u00b7licitat per aquells col\u00b7legiats que compleixin certs criteris de qualitat i \u00e8tica professional. La mesura busca premiar el comprom\u00eds amb la professi\u00f3 i augmentar el prestigi dels col\u00b7legis professionals davant de la societat.<\/p>\n\n\n\n<p>Per avan\u00e7ar en aquesta proposta, s&#039;ha aprovat inicialment una partida de <strong>2.000 euros<\/strong> destinada a realitzar un estudi de mercat que avalu\u00ef l&#039;inter\u00e8s dels col\u00b7legiats per aquest distintiu i defineixi els criteris espec\u00edfics per concedir-los. Entre els criteris plantejats es preveu que els sol\u00b7licitants <strong>no tinguin sancions vigents<\/strong>, garantint aix\u00ed que el reconeixement s&#039;atorgue a professionals amb traject\u00f2ria irreprotxable.<\/p>\n\n\n\n<p>Jos\u00e9 Luis Fayos va assenyalar que aquesta iniciativa suposa un pas important cap a la <strong>revaloraci\u00f3 dels professionals col\u00b7legiats<\/strong> i que servir\u00e0 com a model de refer\u00e8ncia per a altres col\u00b7legis que vulguin promoure l&#039;excel\u00b7l\u00e8ncia al seu sector.<\/p>\n\n\n\n<p><\/p>","protected":false},"excerpt":{"rendered":"<p>En la reciente asamblea de Uni\u00f3n Profesional, celebrada el 16 de diciembre, se present\u00f3 una iniciativa innovadora destinada a reconocer la excelencia entre los profesionales colegiados. Jos\u00e9 Luis Fayos, Vicepresidente del COIQCV, asisti\u00f3 a la reuni\u00f3n y destac\u00f3 los puntos m\u00e1s relevantes tratados. Uno de los proyectos m\u00e1s destacados es la creaci\u00f3n de un distintivo [&hellip;]<\/p>\n","protected":false},"author":1,"featured_media":8631,"comment_status":"closed","ping_status":"closed","sticky":false,"template":"","format":"standard","meta":{"_monsterinsights_skip_tracking":false,"_monsterinsights_sitenote_active":false,"_monsterinsights_sitenote_note":"","_monsterinsights_sitenote_category":0,"_uf_show_specific_survey":0,"_uf_disable_surveys":false,"footnotes":""},"categories":[1],"tags":[],"class_list":["post-8916","post","type-post","status-publish","format-standard","has-post-thumbnail","hentry","category-coiqcv"],"aioseo_notices":[],"_links":{"self":[{"href":"https:\/\/coiqcv.com\/val\/wp-json\/wp\/v2\/posts\/8916","targetHints":{"allow":["GET"]}}],"collection":[{"href":"https:\/\/coiqcv.com\/val\/wp-json\/wp\/v2\/posts"}],"about":[{"href":"https:\/\/coiqcv.com\/val\/wp-json\/wp\/v2\/types\/post"}],"author":[{"embeddable":true,"href":"https:\/\/coiqcv.com\/val\/wp-json\/wp\/v2\/users\/1"}],"replies":[{"embeddable":true,"href":"https:\/\/coiqcv.com\/val\/wp-json\/wp\/v2\/comments?post=8916"}],"version-history":[{"count":1,"href":"https:\/\/coiqcv.com\/val\/wp-json\/wp\/v2\/posts\/8916\/revisions"}],"predecessor-version":[{"id":8919,"href":"https:\/\/coiqcv.com\/val\/wp-json\/wp\/v2\/posts\/8916\/revisions\/8919"}],"wp:featuredmedia":[{"embeddable":true,"href":"https:\/\/coiqcv.com\/val\/wp-json\/wp\/v2\/media\/8631"}],"wp:attachment":[{"href":"https:\/\/coiqcv.com\/val\/wp-json\/wp\/v2\/media?parent=8916"}],"wp:term":[{"taxonomy":"category","embeddable":true,"href":"https:\/\/coiqcv.com\/val\/wp-json\/wp\/v2\/categories?post=8916"},{"taxonomy":"post_tag","embeddable":true,"href":"https:\/\/coiqcv.com\/val\/wp-json\/wp\/v2\/tags?post=8916"}],"curies":[{"name":"wp","href":"https:\/\/api.w.org\/{rel}","templated":true}]}}