{"id":8898,"date":"2025-12-15T14:07:10","date_gmt":"2025-12-15T13:07:10","guid":{"rendered":"https:\/\/coiqcv.com\/?p=8898"},"modified":"2025-12-15T14:07:10","modified_gmt":"2025-12-15T13:07:10","slug":"coiqcv-reafirma-su-compromiso-con-la-profesion-y-el-empleo-en-su-asamblea-2025","status":"publish","type":"post","link":"https:\/\/coiqcv.com\/val\/coiqcv-reafirma-su-compromiso-con-la-profesion-y-el-empleo-en-su-asamblea-2025\/","title":{"rendered":"COIQCV reafirma el seu comprom\u00eds amb la professi\u00f3 i la feina a la seva Assemblea 2025"},"content":{"rendered":"<hr class=\"wp-block-separator has-alpha-channel-opacity\"\/>\n\n\n\n<h3 class=\"wp-block-heading\">El <strong>Col\u00b7legi Oficial d&#039;Enginyers Qu\u00edmics de la Comunitat Valenciana (COIQCV)<\/strong> va celebrar la seva <strong>Assemblea General Ordin\u00e0ria 2025<\/strong> a la <strong>Universitat Polit\u00e8cnica de Val\u00e8ncia<\/strong>, en una sessi\u00f3 que va comptar amb <strong>assistents tant presencials com en l\u00ednia<\/strong>, la qual cosa va permetre una \u00e0mplia participaci\u00f3 de col\u00b7legiats.<\/h3>\n\n\n\n<h4 class=\"wp-block-heading\"><strong>Per part del Col\u00b7legi, van intervenir:<\/strong><\/h4>\n\n\n\n<ul class=\"wp-block-list\">\n<li><strong>Maria Marqu\u00e8s Lle\u00f3<\/strong>, presidenta, va presentar el <strong>Informe de Presid\u00e8ncia<\/strong>, destacant l&#039;evoluci\u00f3 positiva del Col\u00b7legi, l&#039;increment de col\u00b7legiats i el comprom\u00eds amb la defensa de la professi\u00f3.<\/li>\n\n\n\n<li><strong>Noelia Sope\u00f1a Mart\u00ednez<\/strong>, secret\u00e0ria, va detallar les <strong>accions de defensa professional<\/strong> i laugment de la visibilitat institucional.<\/li>\n\n\n\n<li><strong>Maria Ruiz<\/strong>, vocal, va exposar les iniciatives a <strong>ocupaci\u00f3 i oportunitats professionals<\/strong> per als col\u00b7legiats.<\/li>\n\n\n\n<li><strong>Paula Mart\u00ednez<\/strong>, responsable de comunicaci\u00f3, va explicar la <strong>estrat\u00e8gia digital i xarxes socials<\/strong>, que ha enfortit la pres\u00e8ncia del Col\u00b7legi i la interacci\u00f3 amb els col\u00b7legiats.<\/li>\n\n\n\n<li><strong>Lorena Cort\u00e9s<\/strong>, tresorera, va presentar les <strong>comptes i estabilitat financera<\/strong>, a m\u00e9s del pressupost aprovat per al 2026.<\/li>\n<\/ul>\n\n\n\n<p>Aix\u00ed mateix, <strong>Antonio Fajardo<\/strong>, president de la <strong>FEPIQ<\/strong>, va intervenir per anunciar la <strong>tercera edici\u00f3 dels Premis Avelino Corma<\/strong>, que reconeixen l&#039;excel\u00b7l\u00e8ncia a l&#039;enginyeria qu\u00edmica.<\/p>\n\n\n\n<hr class=\"wp-block-separator has-alpha-channel-opacity\"\/>\n\n\n\n<h4 class=\"wp-block-heading\"><strong>Principals acords i aven\u00e7os<\/strong><\/h4>\n\n\n\n<ul class=\"wp-block-list\">\n<li><strong>Aprovaci\u00f3 d&#039;actes i informes<\/strong>: Validaci\u00f3 de l&#039;acta de l&#039;Assemblea de 2024 i presentaci\u00f3 de l&#039;Informe de Presid\u00e8ncia, que inclou:\n<ul class=\"wp-block-list\">\n<li>34 noves altes de col\u00b7legiats el 2025.<\/li>\n\n\n\n<li>Refor\u00e7 de la defensa professional i atracci\u00f3 de nous membres.<\/li>\n<\/ul>\n<\/li>\n\n\n\n<li><strong>Formaci\u00f3 i serveis<\/strong>: Impuls de cursos t\u00e8cnics i jornades gratu\u00eftes, juntament amb la millora de la unitat t\u00e8cnica per agilitzar consultes i visats.<\/li>\n\n\n\n<li><strong>Activitat professional<\/strong>: Consolidaci\u00f3 del COIQCV com a referent en instal\u00b7lacions t\u00e8rmiques i fotovoltaiques, depuraci\u00f3 d&#039;aig\u00fces, seguretat industrial i coordinaci\u00f3 de seguretat i salut.<\/li>\n\n\n\n<li><strong>Economia<\/strong>: Presentaci\u00f3 de comptes 2024 i evoluci\u00f3 de 2025, confirmant l&#039;estabilitat financera.<\/li>\n<\/ul>\n\n\n\n<hr class=\"wp-block-separator has-alpha-channel-opacity\"\/>\n\n\n\n<h4 class=\"wp-block-heading\"><strong>Propostes estrat\u00e8giques per al 2026<\/strong><\/h4>\n\n\n\n<ul class=\"wp-block-list\">\n<li>Creaci\u00f3 de la <strong>Associaci\u00f3 d&#039;Enginyers Qu\u00edmics de la Comunitat Valenciana (APIQCV)<\/strong>.<\/li>\n\n\n\n<li>Modificaci\u00f3 dels estatuts del COIQCV.<\/li>\n\n\n\n<li>Refor\u00e7 d&#039;accions per a la defensa i la visibilitzaci\u00f3 de la professi\u00f3.<\/li>\n<\/ul>\n\n\n\n<hr class=\"wp-block-separator has-alpha-channel-opacity\"\/>\n\n\n\n<p><strong>El COIQCV agraeix a la Universitat Polit\u00e8cnica de Val\u00e8ncia la cessi\u00f3 de l\u201fespai per a la celebraci\u00f3 d\u201faquesta Assemblea, que ha perm\u00e8s reunir la comunitat professional en un entorn acad\u00e8mic de refer\u00e8ncia.<\/strong><\/p>","protected":false},"excerpt":{"rendered":"<p>El Colegio Oficial de Ingenieros Qu\u00edmicos de la Comunitat Valenciana (COIQCV) celebr\u00f3 su Asamblea General Ordinaria 2025 en la Universitat Polit\u00e8cnica de Val\u00e8ncia, en una sesi\u00f3n que cont\u00f3 con asistentes tanto presenciales como online, lo que permiti\u00f3 una amplia participaci\u00f3n de colegiados. Por parte del Colegio, intervinieron: Asimismo, Antonio Fajardo, presidente de la FEPIQ, intervino [&hellip;]<\/p>\n","protected":false},"author":1,"featured_media":8899,"comment_status":"closed","ping_status":"closed","sticky":false,"template":"","format":"standard","meta":{"_monsterinsights_skip_tracking":false,"_monsterinsights_sitenote_active":false,"_monsterinsights_sitenote_note":"","_monsterinsights_sitenote_category":0,"_uf_show_specific_survey":0,"_uf_disable_surveys":false,"footnotes":""},"categories":[1],"tags":[],"class_list":["post-8898","post","type-post","status-publish","format-standard","has-post-thumbnail","hentry","category-coiqcv"],"aioseo_notices":[],"_links":{"self":[{"href":"https:\/\/coiqcv.com\/val\/wp-json\/wp\/v2\/posts\/8898","targetHints":{"allow":["GET"]}}],"collection":[{"href":"https:\/\/coiqcv.com\/val\/wp-json\/wp\/v2\/posts"}],"about":[{"href":"https:\/\/coiqcv.com\/val\/wp-json\/wp\/v2\/types\/post"}],"author":[{"embeddable":true,"href":"https:\/\/coiqcv.com\/val\/wp-json\/wp\/v2\/users\/1"}],"replies":[{"embeddable":true,"href":"https:\/\/coiqcv.com\/val\/wp-json\/wp\/v2\/comments?post=8898"}],"version-history":[{"count":1,"href":"https:\/\/coiqcv.com\/val\/wp-json\/wp\/v2\/posts\/8898\/revisions"}],"predecessor-version":[{"id":8900,"href":"https:\/\/coiqcv.com\/val\/wp-json\/wp\/v2\/posts\/8898\/revisions\/8900"}],"wp:featuredmedia":[{"embeddable":true,"href":"https:\/\/coiqcv.com\/val\/wp-json\/wp\/v2\/media\/8899"}],"wp:attachment":[{"href":"https:\/\/coiqcv.com\/val\/wp-json\/wp\/v2\/media?parent=8898"}],"wp:term":[{"taxonomy":"category","embeddable":true,"href":"https:\/\/coiqcv.com\/val\/wp-json\/wp\/v2\/categories?post=8898"},{"taxonomy":"post_tag","embeddable":true,"href":"https:\/\/coiqcv.com\/val\/wp-json\/wp\/v2\/tags?post=8898"}],"curies":[{"name":"wp","href":"https:\/\/api.w.org\/{rel}","templated":true}]}}