{"id":8810,"date":"2025-12-01T11:38:11","date_gmt":"2025-12-01T10:38:11","guid":{"rendered":"https:\/\/coiqcv.com\/?p=8810"},"modified":"2025-12-03T12:09:08","modified_gmt":"2025-12-03T11:09:08","slug":"javier-estarelles-nacher-recibe-el-premio-al-mejor-expediente-del-grado-en-ingenieria-quimica-de-la-universitat-de-valencia","status":"publish","type":"post","link":"https:\/\/coiqcv.com\/val\/javier-estarelles-nacher-recibe-el-premio-al-mejor-expediente-del-grado-en-ingenieria-quimica-de-la-universitat-de-valencia\/","title":{"rendered":"Javier Estarelles Nacher rep el Premi al Millor Expedient del M\u00e0ster en Enginyeria Qu\u00edmica de la Universitat de Val\u00e8ncia"},"content":{"rendered":"<p>El passat <strong>dimarts 25<\/strong>, la nostra presidenta, <strong>Maria Marqu\u00e8s Lle\u00f3<\/strong>, va representar al <strong>Col\u00b7legi Oficial d&#039;Enginyers Qu\u00edmics de la Comunitat Valenciana<\/strong> a l&#039;acte de graduaci\u00f3 celebrat al <strong>Palau de Congressos de Val\u00e8ncia<\/strong>, acompanyant els nous titulats en un dia ple d&#039;il\u00b7lusi\u00f3 i nous reptes professionals.<\/p>\n\n\n\n<p>Durant la cerim\u00f2nia, Mar\u00eda Marqu\u00e9s Lle\u00f3 va fer entrega del reconeixement al:<\/p>\n\n\n\n<p>\ud83c\udfc5 <strong>Millor expedient acad\u00e8mic:<\/strong> <strong>Javier Estarelles Nacher<\/strong><\/p>\n\n\n\n<p>Des del COIQCV volem felicitar el Javier per aquest \u00e8xit, fruit del seu esfor\u00e7, dedicaci\u00f3 i excel\u00b7l\u00e8ncia acad\u00e8mica. Un premi que simbolitza el comprom\u00eds amb la formaci\u00f3 i futur de l&#039;Enginyeria Qu\u00edmica.<\/p>\n\n\n\n<p>\ud83d\udc4f <strong>Enhorabona a tots els graduats<\/strong>. \u00c9s un orgull per a nosaltres acompanyar-vos en aquest cam\u00ed cap a una nova etapa professional.<\/p>\n\n\n\n<p><\/p>","protected":false},"excerpt":{"rendered":"<p>El pasado martes 25, nuestra presidenta, Mar\u00eda Marqu\u00e9s Lle\u00f3, represent\u00f3 al Colegio Oficial de Ingenieros Qu\u00edmicos de la Comunidad Valenciana en el acto de graduaci\u00f3n celebrado en el Palacio de Congresos de Valencia, acompa\u00f1ando a los nuevos titulados en un d\u00eda lleno de ilusi\u00f3n y nuevos retos profesionales. Durante la ceremonia, Mar\u00eda Marqu\u00e9s Lle\u00f3 hizo [&hellip;]<\/p>\n","protected":false},"author":1,"featured_media":8835,"comment_status":"closed","ping_status":"closed","sticky":false,"template":"","format":"standard","meta":{"_monsterinsights_skip_tracking":false,"_monsterinsights_sitenote_active":false,"_monsterinsights_sitenote_note":"","_monsterinsights_sitenote_category":0,"_uf_show_specific_survey":0,"_uf_disable_surveys":false,"footnotes":""},"categories":[1],"tags":[],"class_list":["post-8810","post","type-post","status-publish","format-standard","has-post-thumbnail","hentry","category-coiqcv"],"aioseo_notices":[],"_links":{"self":[{"href":"https:\/\/coiqcv.com\/val\/wp-json\/wp\/v2\/posts\/8810","targetHints":{"allow":["GET"]}}],"collection":[{"href":"https:\/\/coiqcv.com\/val\/wp-json\/wp\/v2\/posts"}],"about":[{"href":"https:\/\/coiqcv.com\/val\/wp-json\/wp\/v2\/types\/post"}],"author":[{"embeddable":true,"href":"https:\/\/coiqcv.com\/val\/wp-json\/wp\/v2\/users\/1"}],"replies":[{"embeddable":true,"href":"https:\/\/coiqcv.com\/val\/wp-json\/wp\/v2\/comments?post=8810"}],"version-history":[{"count":2,"href":"https:\/\/coiqcv.com\/val\/wp-json\/wp\/v2\/posts\/8810\/revisions"}],"predecessor-version":[{"id":8836,"href":"https:\/\/coiqcv.com\/val\/wp-json\/wp\/v2\/posts\/8810\/revisions\/8836"}],"wp:featuredmedia":[{"embeddable":true,"href":"https:\/\/coiqcv.com\/val\/wp-json\/wp\/v2\/media\/8835"}],"wp:attachment":[{"href":"https:\/\/coiqcv.com\/val\/wp-json\/wp\/v2\/media?parent=8810"}],"wp:term":[{"taxonomy":"category","embeddable":true,"href":"https:\/\/coiqcv.com\/val\/wp-json\/wp\/v2\/categories?post=8810"},{"taxonomy":"post_tag","embeddable":true,"href":"https:\/\/coiqcv.com\/val\/wp-json\/wp\/v2\/tags?post=8810"}],"curies":[{"name":"wp","href":"https:\/\/api.w.org\/{rel}","templated":true}]}}