{"id":8776,"date":"2025-11-25T10:40:10","date_gmt":"2025-11-25T09:40:10","guid":{"rendered":"https:\/\/coiqcv.com\/?p=8776"},"modified":"2025-11-25T10:51:58","modified_gmt":"2025-11-25T09:51:58","slug":"ramon-mazon-cartagena-recibe-el-premio-extraordinario-del-master-en-ingenieria-quimica","status":"publish","type":"post","link":"https:\/\/coiqcv.com\/val\/ramon-mazon-cartagena-recibe-el-premio-extraordinario-del-master-en-ingenieria-quimica\/","title":{"rendered":"Ramon Maz\u00f3n Cartagena rep el Premi Extraordinari del M\u00e0ster en Enginyeria Qu\u00edmica"},"content":{"rendered":"<p>El vocal del Col\u00b7legi Oficial d&#039;Enginyers Qu\u00edmics de la Comunitat Valenciana (COIQCV), <strong>Isidre Mu\u00f1oz<\/strong>, va assistir a l&#039;Acte de Graduaci\u00f3 de la <strong>Universitat d&#039;Alacant<\/strong>, acompanyant els nous titulats del <strong>M\u00e0ster en Enginyeria Qu\u00edmica<\/strong> en una jornada molt especial per al desenvolupament acad\u00e8mic i professional.<\/p>\n\n\n\n<p>Durant la cerim\u00f2nia es va lliurar el <strong>Premi Extraordinari del M\u00e0ster en Enginyeria Qu\u00edmica<\/strong>, que en aquesta edici\u00f3 ha recaigut en:<\/p>\n\n\n\n<p><strong>Premi extraordinari a l&#039;estudiant del M\u00e0ster en Enginyeria Qu\u00edmica:<\/strong> <strong>Ramon Maz\u00f3n Cartagena<\/strong><\/p>\n\n\n\n<p>Isidro Mu\u00f1oz va felicitar personalment l&#039;estudiant premiat i va destacar la rellev\u00e0ncia de recon\u00e8ixer l&#039;esfor\u00e7, l&#039;excel\u00b7l\u00e8ncia acad\u00e8mica i el comprom\u00eds amb la innovaci\u00f3 que caracteritza l&#039;enginyeria qu\u00edmica.<\/p>\n\n\n\n<p><strong>Enhorabona a tots els graduats<\/strong>, i gr\u00e0cies a la Universitat d&#039;Alacant per comptar amb la pres\u00e8ncia del COIQCV en un acte tan significatiu pels nostres futurs professionals.<\/p>","protected":false},"excerpt":{"rendered":"<p>El vocal del Colegio Oficial de Ingenieros Qu\u00edmicos de la Comunidad Valenciana (COIQCV), Isidro Mu\u00f1oz, asisti\u00f3 al Acto de Graduaci\u00f3n de la Universidad de Alicante, acompa\u00f1ando a los nuevos titulados del M\u00e1ster en Ingenier\u00eda Qu\u00edmica en una jornada muy especial para su desarrollo acad\u00e9mico y profesional. Durante la ceremonia se entreg\u00f3 el Premio Extraordinario del [&hellip;]<\/p>\n","protected":false},"author":1,"featured_media":8777,"comment_status":"closed","ping_status":"closed","sticky":false,"template":"","format":"standard","meta":{"_monsterinsights_skip_tracking":false,"_monsterinsights_sitenote_active":false,"_monsterinsights_sitenote_note":"","_monsterinsights_sitenote_category":0,"_uf_show_specific_survey":0,"_uf_disable_surveys":false,"footnotes":""},"categories":[1],"tags":[],"class_list":["post-8776","post","type-post","status-publish","format-standard","has-post-thumbnail","hentry","category-coiqcv"],"aioseo_notices":[],"_links":{"self":[{"href":"https:\/\/coiqcv.com\/val\/wp-json\/wp\/v2\/posts\/8776","targetHints":{"allow":["GET"]}}],"collection":[{"href":"https:\/\/coiqcv.com\/val\/wp-json\/wp\/v2\/posts"}],"about":[{"href":"https:\/\/coiqcv.com\/val\/wp-json\/wp\/v2\/types\/post"}],"author":[{"embeddable":true,"href":"https:\/\/coiqcv.com\/val\/wp-json\/wp\/v2\/users\/1"}],"replies":[{"embeddable":true,"href":"https:\/\/coiqcv.com\/val\/wp-json\/wp\/v2\/comments?post=8776"}],"version-history":[{"count":1,"href":"https:\/\/coiqcv.com\/val\/wp-json\/wp\/v2\/posts\/8776\/revisions"}],"predecessor-version":[{"id":8778,"href":"https:\/\/coiqcv.com\/val\/wp-json\/wp\/v2\/posts\/8776\/revisions\/8778"}],"wp:featuredmedia":[{"embeddable":true,"href":"https:\/\/coiqcv.com\/val\/wp-json\/wp\/v2\/media\/8777"}],"wp:attachment":[{"href":"https:\/\/coiqcv.com\/val\/wp-json\/wp\/v2\/media?parent=8776"}],"wp:term":[{"taxonomy":"category","embeddable":true,"href":"https:\/\/coiqcv.com\/val\/wp-json\/wp\/v2\/categories?post=8776"},{"taxonomy":"post_tag","embeddable":true,"href":"https:\/\/coiqcv.com\/val\/wp-json\/wp\/v2\/tags?post=8776"}],"curies":[{"name":"wp","href":"https:\/\/api.w.org\/{rel}","templated":true}]}}