{"id":8745,"date":"2025-11-20T12:08:44","date_gmt":"2025-11-20T11:08:44","guid":{"rendered":"https:\/\/coiqcv.com\/?p=8745"},"modified":"2025-11-20T12:08:44","modified_gmt":"2025-11-20T11:08:44","slug":"el-ministerio-de-industria-y-turismo-lanza-la-segunda-convocatoria-de-la-linea-4-del-perte-de-descarbonizacion-industrial-con-100-millones-de-euros-en-ayudas","status":"publish","type":"post","link":"https:\/\/coiqcv.com\/val\/el-ministerio-de-industria-y-turismo-lanza-la-segunda-convocatoria-de-la-linea-4-del-perte-de-descarbonizacion-industrial-con-100-millones-de-euros-en-ayudas\/","title":{"rendered":"El Ministeri d\u00b4Ind\u00fastria i Turisme llan\u00e7a la segona convocat\u00f2ria de la L\u00ednia 4 del PERTE de Descarbonitzaci\u00f3 Industrial amb 100 milions d\u00b4euros en ajudes"},"content":{"rendered":"<div data-elementor-type=\"wp-post\" data-elementor-id=\"8745\" class=\"elementor elementor-8745\" data-elementor-post-type=\"post\">\n\t\t\t\t<div data-particle_enable=\"false\" data-particle-mobile-disabled=\"false\" class=\"elementor-element elementor-element-6bc3a5d3 e-flex e-con-boxed e-con e-parent\" data-id=\"6bc3a5d3\" data-element_type=\"container\" data-e-type=\"container\" data-settings=\"{&quot;jet_parallax_layout_list&quot;:[]}\">\n\t\t\t\t\t<div class=\"e-con-inner\">\n\t\t\t\t<div class=\"elementor-element elementor-element-5c39f369 elementor-widget elementor-widget-text-editor\" data-id=\"5c39f369\" data-element_type=\"widget\" data-e-type=\"widget\" data-widget_type=\"text-editor.default\">\n\t\t\t\t<div class=\"elementor-widget-container\">\n\t\t\t\t\t\t\t\t\t\n<p>El Ministeri d&#039;Ind\u00fastria i Turisme ha obert la <strong>segona convocat\u00f2ria de la L\u00ednia 4 del PERTE de Descarbonitzaci\u00f3 Industrial<\/strong>, dotada amb <strong>100 milions d&#039;euros<\/strong> en subvencions. L&#039;objectiu \u00e9s impulsar el desenvolupament de <strong>noves instal\u00b7lacions manufactureres altament eficients i descarbonitzades<\/strong>, refor\u00e7ant la transici\u00f3 cap a una economia baixa en carboni.<\/p>\n\n\n\n<p>La convocat\u00f2ria es regir\u00e0 mitjan\u00e7ant <strong>procediment de concurr\u00e8ncia competitiva<\/strong>, avaluant els projectes segons criteris com:<\/p>\n\n\n\n<ul class=\"wp-block-list\">\n<li>Elegibilitat de lentitat sol\u00b7licitant i del projecte tractor.<\/li>\n\n\n\n<li>Viabilitat comercial i temporal del projecte.<\/li>\n\n\n\n<li>Reducci\u00f3 d&#039;emissions de gasos amb efecte d&#039;hivernacle en comparaci\u00f3 amb les millors t\u00e8cniques disponibles.<\/li>\n\n\n\n<li>Altres elements mediambientals vinculats al projecte.<\/li>\n<\/ul>\n\n\n\n<p>El termini de presentaci\u00f3 de sol\u00b7licituds s&#039;obre el <strong>1 de desembre<\/strong> i finalitza el <strong>18 de desembre<\/strong>, i la <strong>gesti\u00f3 es realitza a trav\u00e9s de SEPIDES<\/strong>.<\/p>\n\n\n\n<h3 class=\"wp-block-heading\">Com presentar els projectes<\/h3>\n\n\n\n<p>Els interessats poden accedir a tota la documentaci\u00f3 oficial, models de sol\u00b7licitud i formularis a trav\u00e9s dels seg\u00fcents enlla\u00e7os:<\/p>\n\n\n\n<ul class=\"wp-block-list\">\n<li><strong>Guies i models de sol\u00b7licitud:<\/strong> mem\u00f2ries, declaracions responsables i pressupostos tipus. <a href=\"https:\/\/www.mintur.gob.es\/PortalAyudas\/PERTE-DI-L4\/solicitudes\/Paginas\/guias.aspx?utm_source=chatgpt.com\">Descarregar documents<\/a><\/li>\n\n\n\n<li><strong>Convocat\u00f2ria completa:<\/strong> normativa, criteris i procediments. <a href=\"https:\/\/www.mintur.gob.es\/portalayudas\/PERTE-DI-L4?utm_source=chatgpt.com\">Accedir a la convocat\u00f2ria<\/a><\/li>\n\n\n\n<li><strong>Presentaci\u00f3 de projectes (seu electr\u00f2nica):<\/strong> plataforma oficial per pujar sol\u00b7licituds i documentaci\u00f3. <a href=\"https:\/\/sede.serviciosmin.gob.es\/es-es\/procedimientoselectronicos\/Paginas\/detalle-procedimientos.aspx?IdProcedimiento=292\">Accedir a la seu<\/a><\/li>\n<\/ul>\n\n\n\n<h3 class=\"wp-block-heading\">Requisits clau per accedir a l&#039;ajuda<\/h3>\n\n\n\n<ul class=\"wp-block-list\">\n<li>Ser <strong>empresa mercantil privada<\/strong> constitu\u00efda a Espanya amb experi\u00e8ncia industrial.<\/li>\n\n\n\n<li>Que el projecte sigui un <strong>\u201cprojecte tractor\u201d<\/strong>, \u00e9s a dir, una nova instal\u00b7laci\u00f3 o l\u00ednia de producci\u00f3 altament eficient i descarbonitzada.<\/li>\n\n\n\n<li>Complir criteris de <strong>efici\u00e8ncia energ\u00e8tica, reducci\u00f3 d&#039;emissions i viabilitat econ\u00f2mica<\/strong>.<\/li>\n\n\n\n<li>Respectar els <strong>terminis d&#039;execuci\u00f3<\/strong>, amb inversi\u00f3 finalitzada abans de mar\u00e7 de 2026.<\/li>\n\n\n\n<li>L&#039;avaluaci\u00f3 es far\u00e0 mitjan\u00e7ant <strong>concurr\u00e8ncia competitiva<\/strong>.<\/li>\n<\/ul>\n\n\n\n<p><\/p>\n\n\n\n<p><\/p>\n\t\t\t\t\t\t\t\t<\/div>\n\t\t\t\t<\/div>\n\t\t\t\t\t<\/div>\n\t\t\t\t<\/div>\n\t\t<div data-particle_enable=\"false\" data-particle-mobile-disabled=\"false\" class=\"elementor-element elementor-element-f901d9c e-flex e-con-boxed e-con e-parent\" data-id=\"f901d9c\" data-element_type=\"container\" data-e-type=\"container\" data-settings=\"{&quot;jet_parallax_layout_list&quot;:[]}\">\n\t\t\t\t\t<div class=\"e-con-inner\">\n\t\t\t\t\t<\/div>\n\t\t\t\t<\/div>\n\t\t\t\t<\/div>","protected":false},"excerpt":{"rendered":"<p>El Ministerio de Industria y Turismo ha abierto la segunda convocatoria de la L\u00ednea\u202f4 del PERTE de Descarbonizaci\u00f3n Industrial, dotada con 100 millones de euros en subvenciones. El objetivo es impulsar el desarrollo de nuevas instalaciones manufactureras altamente eficientes y descarbonizadas, reforzando la transici\u00f3n hacia una econom\u00eda baja en carbono. La convocatoria se regir\u00e1 mediante [&hellip;]<\/p>\n","protected":false},"author":1,"featured_media":8749,"comment_status":"closed","ping_status":"closed","sticky":false,"template":"","format":"standard","meta":{"_monsterinsights_skip_tracking":false,"_monsterinsights_sitenote_active":false,"_monsterinsights_sitenote_note":"","_monsterinsights_sitenote_category":0,"_uf_show_specific_survey":0,"_uf_disable_surveys":false,"footnotes":""},"categories":[1],"tags":[],"class_list":["post-8745","post","type-post","status-publish","format-standard","has-post-thumbnail","hentry","category-coiqcv"],"aioseo_notices":[],"_links":{"self":[{"href":"https:\/\/coiqcv.com\/val\/wp-json\/wp\/v2\/posts\/8745","targetHints":{"allow":["GET"]}}],"collection":[{"href":"https:\/\/coiqcv.com\/val\/wp-json\/wp\/v2\/posts"}],"about":[{"href":"https:\/\/coiqcv.com\/val\/wp-json\/wp\/v2\/types\/post"}],"author":[{"embeddable":true,"href":"https:\/\/coiqcv.com\/val\/wp-json\/wp\/v2\/users\/1"}],"replies":[{"embeddable":true,"href":"https:\/\/coiqcv.com\/val\/wp-json\/wp\/v2\/comments?post=8745"}],"version-history":[{"count":3,"href":"https:\/\/coiqcv.com\/val\/wp-json\/wp\/v2\/posts\/8745\/revisions"}],"predecessor-version":[{"id":8748,"href":"https:\/\/coiqcv.com\/val\/wp-json\/wp\/v2\/posts\/8745\/revisions\/8748"}],"wp:featuredmedia":[{"embeddable":true,"href":"https:\/\/coiqcv.com\/val\/wp-json\/wp\/v2\/media\/8749"}],"wp:attachment":[{"href":"https:\/\/coiqcv.com\/val\/wp-json\/wp\/v2\/media?parent=8745"}],"wp:term":[{"taxonomy":"category","embeddable":true,"href":"https:\/\/coiqcv.com\/val\/wp-json\/wp\/v2\/categories?post=8745"},{"taxonomy":"post_tag","embeddable":true,"href":"https:\/\/coiqcv.com\/val\/wp-json\/wp\/v2\/tags?post=8745"}],"curies":[{"name":"wp","href":"https:\/\/api.w.org\/{rel}","templated":true}]}}