{"id":8341,"date":"2025-09-30T10:31:45","date_gmt":"2025-09-30T08:31:45","guid":{"rendered":"https:\/\/coiqcv.com\/?p=8341"},"modified":"2025-09-30T10:31:45","modified_gmt":"2025-09-30T08:31:45","slug":"el-coiqcv-participa-en-la-defensa-de-una-enmienda-clave-para-mejorar-la-ley-de-funcion-publica","status":"publish","type":"post","link":"https:\/\/coiqcv.com\/val\/el-coiqcv-participa-en-la-defensa-de-una-enmienda-clave-para-mejorar-la-ley-de-funcion-publica\/","title":{"rendered":"El COIQCV participa en la defensa d\u201funa esmena clau per millorar la Llei de Funci\u00f3 P\u00fablica"},"content":{"rendered":"<p>El <strong>COIQCV<\/strong> va participar activament en una reuni\u00f3 telem\u00e0tica amb el <strong>Grup Parlamentari Plurinacional Sumar<\/strong>, en qu\u00e8 es va abordar l&#039;esmena que aquesta formaci\u00f3 ha presentat a la <strong>Llei de Funci\u00f3 P\u00fablica<\/strong> i que properament es debatr\u00e0 al <strong>Congr\u00e9s dels Diputats<\/strong>.<\/p>\n\n\n\n<p>La cita va estar encap\u00e7alada per la diputada <strong>Engracia Rivera<\/strong>, amb l&#039;objectiu d&#039;analitzar una proposta que permetria <strong>ampliar l&#039;acc\u00e9s al Cos d&#039;Enginyers Industrials de l&#039;Estat<\/strong> a altres enginyeries de l&#039;\u00e0mbit industrial, entre les quals la <strong>Enginyeria Qu\u00edmica<\/strong>.<\/p>\n\n\n\n<h2 class=\"wp-block-heading\">Una mesura per refor\u00e7ar l&#039;Administraci\u00f3<\/h2>\n\n\n\n<p>L&#039;esmena neix com a resposta a una situaci\u00f3 preocupant: a l&#039;\u00faltima convocat\u00f2ria d&#039;oposicions al Cos es van oferir <strong>220 places<\/strong>, a les quals es van presentar <strong>312 aspirants<\/strong>, per\u00f2 nom\u00e9s <strong>52 van aconseguir aprovar<\/strong>. Un resultat que posa de manifest la necessitat de <strong>obrir el proc\u00e9s a perfils t\u00e8cnics diversos i altament capacitats<\/strong>, com els dels enginyers qu\u00edmics, per garantir la cobertura de places i el bon funcionament de lAdministraci\u00f3.<\/p>\n\n\n\n<h2 class=\"wp-block-heading\">Representaci\u00f3 del COIQCV<\/h2>\n\n\n\n<p>El <strong>COIQCV<\/strong> va estar representat a la reuni\u00f3 per <strong>Lorena Cort\u00e9s Silva<\/strong> i <strong>Noelia Sope\u00f1a<\/strong>, que van defensar el paper clau dels enginyers qu\u00edmics en sectors estrat\u00e8gics per a l&#039;economia i la societat, com la <strong>energia, la sostenibilitat, la ind\u00fastria farmac\u00e8utica o els processos d&#039;innovaci\u00f3 industrial<\/strong>.<\/p>\n\n\n\n<p>Al costat del COIQCV tamb\u00e9 van participar representants del <strong>COPIQCLM<\/strong> (Col\u00b7legi Oficial de Professionals en Enginyeria Qu\u00edmica de Castella-la Manxa), <strong>AINAE<\/strong> (Associaci\u00f3 Professional), <strong>AINEnergia<\/strong> (Associaci\u00f3 d&#039;Enginyers de l&#039;Energia), <strong>APGITIE<\/strong> (Associaci\u00f3 Professional) i <strong>AINGOI<\/strong> (Associaci\u00f3 d&#039;Enginyers d&#039;Organitzaci\u00f3 Industrial), el president del qual, <strong>Jos\u00e9 Luis Caballano Alc\u00e1ntara<\/strong>, va intervenir presencialment.<\/p>\n\n\n\n<h2 class=\"wp-block-heading\">Un pas cap a la igualtat d&#039;oportunitats<\/h2>\n\n\n\n<p>Des del COIQCV es valora molt positivament aquesta iniciativa, ja que representa <strong>un aven\u00e7 en la igualtat d&#039;oportunitats entre diferents enginyeries<\/strong> i reconeix el valor t\u00e8cnic de disciplines com la <strong>Enginyeria Qu\u00edmica<\/strong> per al servei p\u00fablic.<\/p>\n\n\n\n<p>Aix\u00ed mateix, el Col\u00b7legi anima la resta de grups parlamentaris a <strong>donar suport a aquesta esmena<\/strong>, en la confian\u00e7a que la seva aprovaci\u00f3 contribuir\u00e0 a <strong>refor\u00e7ar la capacitat t\u00e8cnica de l&#039;Administraci\u00f3<\/strong>, alhora que s&#039;obren <strong>noves sortides professionals per als col\u00b7legiats<\/strong>.<\/p>","protected":false},"excerpt":{"rendered":"<p>El COIQCV particip\u00f3 activamente en una reuni\u00f3n telem\u00e1tica con el Grupo Parlamentario Plurinacional Sumar, en la que se abord\u00f3 la enmienda que esta formaci\u00f3n ha presentado a la Ley de Funci\u00f3n P\u00fablica y que pr\u00f3ximamente se debatir\u00e1 en el Congreso de los Diputados. La cita estuvo encabezada por la diputada Engracia Rivera, con el objetivo [&hellip;]<\/p>\n","protected":false},"author":1,"featured_media":8342,"comment_status":"closed","ping_status":"closed","sticky":false,"template":"","format":"standard","meta":{"_monsterinsights_skip_tracking":false,"_monsterinsights_sitenote_active":false,"_monsterinsights_sitenote_note":"","_monsterinsights_sitenote_category":0,"_uf_show_specific_survey":0,"_uf_disable_surveys":false,"footnotes":""},"categories":[1],"tags":[],"class_list":["post-8341","post","type-post","status-publish","format-standard","has-post-thumbnail","hentry","category-coiqcv"],"aioseo_notices":[],"_links":{"self":[{"href":"https:\/\/coiqcv.com\/val\/wp-json\/wp\/v2\/posts\/8341","targetHints":{"allow":["GET"]}}],"collection":[{"href":"https:\/\/coiqcv.com\/val\/wp-json\/wp\/v2\/posts"}],"about":[{"href":"https:\/\/coiqcv.com\/val\/wp-json\/wp\/v2\/types\/post"}],"author":[{"embeddable":true,"href":"https:\/\/coiqcv.com\/val\/wp-json\/wp\/v2\/users\/1"}],"replies":[{"embeddable":true,"href":"https:\/\/coiqcv.com\/val\/wp-json\/wp\/v2\/comments?post=8341"}],"version-history":[{"count":1,"href":"https:\/\/coiqcv.com\/val\/wp-json\/wp\/v2\/posts\/8341\/revisions"}],"predecessor-version":[{"id":8343,"href":"https:\/\/coiqcv.com\/val\/wp-json\/wp\/v2\/posts\/8341\/revisions\/8343"}],"wp:featuredmedia":[{"embeddable":true,"href":"https:\/\/coiqcv.com\/val\/wp-json\/wp\/v2\/media\/8342"}],"wp:attachment":[{"href":"https:\/\/coiqcv.com\/val\/wp-json\/wp\/v2\/media?parent=8341"}],"wp:term":[{"taxonomy":"category","embeddable":true,"href":"https:\/\/coiqcv.com\/val\/wp-json\/wp\/v2\/categories?post=8341"},{"taxonomy":"post_tag","embeddable":true,"href":"https:\/\/coiqcv.com\/val\/wp-json\/wp\/v2\/tags?post=8341"}],"curies":[{"name":"wp","href":"https:\/\/api.w.org\/{rel}","templated":true}]}}