{"id":8294,"date":"2025-09-12T10:54:25","date_gmt":"2025-09-12T08:54:25","guid":{"rendered":"https:\/\/coiqcv.com\/?p=8294"},"modified":"2025-09-12T10:55:25","modified_gmt":"2025-09-12T08:55:25","slug":"espana-impulsa-la-energia-solar-urbana-con-una-nueva-herramienta-digital","status":"publish","type":"post","link":"https:\/\/coiqcv.com\/val\/espana-impulsa-la-energia-solar-urbana-con-una-nueva-herramienta-digital\/","title":{"rendered":"Espanya impulsa l\u00b4energia solar urbana amb una nova eina digital"},"content":{"rendered":"<p>El <strong>Ministeri de Transports i Mobilitat Sostenible<\/strong> ha presentat una renovada versi\u00f3 del seu portal web que permet con\u00e8ixer el <strong>potencial solar dels edificis<\/strong> a tot el territori nacional. Aquesta iniciativa suposa un pas decisiu cap a la integraci\u00f3 de lenergia renovable en lentorn urb\u00e0, en oferir informaci\u00f3 clau per a ciutadans, empreses i administracions.<\/p>\n\n\n\n<h2 class=\"wp-block-heading\">Una aposta per la transici\u00f3 energ\u00e8tica i la digitalitzaci\u00f3<\/h2>\n\n\n\n<p>L&#039;eina, desenvolupada en col\u00b7laboraci\u00f3 amb el <strong>Centre Nacional d&#039;Informaci\u00f3 Geogr\u00e0fica (CNIG)<\/strong>, facilita la consulta de dades solars a nivell dedifici. Gr\u00e0cies al seu enfocament intu\u00eftiu i visual, qualsevol usuari pot comprovar la viabilitat d&#039;instal\u00b7lar plaques fotovoltaiques a teulades i cobertes.<\/p>\n\n\n\n<p>Aquest aven\u00e7 contribueix a refor\u00e7ar dos grans objectius estrat\u00e8gics:<\/p>\n\n\n\n<ul class=\"wp-block-list\">\n<li>La <strong>transformaci\u00f3 digital<\/strong> del sector de la construcci\u00f3 i la planificaci\u00f3 urbana.<\/li>\n\n\n\n<li>L&#039;impuls de la <strong>transici\u00f3 energ\u00e8tica<\/strong>, que busca reduir la depend\u00e8ncia de combustibles f\u00f2ssils i avan\u00e7ar cap a ciutats m\u00e9s sostenibles.<\/li>\n<\/ul>\n\n\n\n<h2 class=\"wp-block-heading\">Beneficis per a enginyers i professionals<\/h2>\n\n\n\n<p>Per als <strong>enginyers industrials<\/strong>, urbanistes i t\u00e8cnics especialitzats, aquesta plataforma representa una oportunitat \u00fanica de:<\/p>\n\n\n\n<ul class=\"wp-block-list\">\n<li><strong>Planificar amb m\u00e9s precisi\u00f3<\/strong> la instal\u00b7laci\u00f3 de sistemes solars.<\/li>\n\n\n\n<li><strong>Realitzar an\u00e0lisis t\u00e8cniques personalitzades i fiables<\/strong> per a cada projecte.<\/li>\n\n\n\n<li><strong>Dissenyar edificis m\u00e9s sostenibles<\/strong> amb una visi\u00f3 estrat\u00e8gica ia llarg termini.<\/li>\n<\/ul>\n\n\n\n<h2 class=\"wp-block-heading\">Impacte a ciutats i empreses<\/h2>\n\n\n\n<p>M\u00e9s enll\u00e0 de l&#039;\u00e0mbit t\u00e8cnic, l&#039;eina obre un cam\u00ed nou perqu\u00e8 empreses, organismes i administracions <strong>visualitzin el paper de l&#039;energia solar al teixit urb\u00e0<\/strong>. Aix\u00f2 permetr\u00e0 identificar \u00e0rees de m\u00e9s potencial, prioritzar inversions i accelerar l&#039;adopci\u00f3 de solucions renovables en entorns residencials, comercials i industrials.<\/p>\n\n\n\n<h2 class=\"wp-block-heading\"><\/h2>\n\n\n\n<p>La nova plataforma de c\u00e0lcul solar suposa un clar exemple de com la innovaci\u00f3 digital pot ser una <strong>palanca de sostenibilitat<\/strong>. Espanya avan\u00e7a cap a un model energ\u00e8tic m\u00e9s net, eficient i accessible, on la <strong>energia solar urbana<\/strong> jugar\u00e0 un paper protagonista en el futur de les nostres ciutats.<\/p>\n\n\n\n<p>\ud83d\udc49 <a href=\"https:\/\/eficiencia-energetica.ign.es\">Consulta aqu\u00ed el potencial solar del teu edifici<\/a><\/p>\n\n\n\n<figure class=\"wp-block-image size-large\"><img decoding=\"async\" src=\"https:\/\/coiqcv.com\/wp-content\/uploads\/2025\/09\/ok.jpg.jpg\"\/><\/figure>","protected":false},"excerpt":{"rendered":"<p>El Ministerio de Transportes y Movilidad Sostenible ha presentado una renovada versi\u00f3n de su portal web que permite conocer el potencial solar de los edificios en todo el territorio nacional. Esta iniciativa supone un paso decisivo hacia la integraci\u00f3n de la energ\u00eda renovable en el entorno urbano, al ofrecer informaci\u00f3n clave para ciudadanos, empresas y [&hellip;]<\/p>\n","protected":false},"author":1,"featured_media":8295,"comment_status":"closed","ping_status":"closed","sticky":false,"template":"","format":"standard","meta":{"_monsterinsights_skip_tracking":false,"_monsterinsights_sitenote_active":false,"_monsterinsights_sitenote_note":"","_monsterinsights_sitenote_category":0,"_uf_show_specific_survey":0,"_uf_disable_surveys":false,"footnotes":""},"categories":[1],"tags":[],"class_list":["post-8294","post","type-post","status-publish","format-standard","has-post-thumbnail","hentry","category-coiqcv"],"aioseo_notices":[],"_links":{"self":[{"href":"https:\/\/coiqcv.com\/val\/wp-json\/wp\/v2\/posts\/8294","targetHints":{"allow":["GET"]}}],"collection":[{"href":"https:\/\/coiqcv.com\/val\/wp-json\/wp\/v2\/posts"}],"about":[{"href":"https:\/\/coiqcv.com\/val\/wp-json\/wp\/v2\/types\/post"}],"author":[{"embeddable":true,"href":"https:\/\/coiqcv.com\/val\/wp-json\/wp\/v2\/users\/1"}],"replies":[{"embeddable":true,"href":"https:\/\/coiqcv.com\/val\/wp-json\/wp\/v2\/comments?post=8294"}],"version-history":[{"count":1,"href":"https:\/\/coiqcv.com\/val\/wp-json\/wp\/v2\/posts\/8294\/revisions"}],"predecessor-version":[{"id":8298,"href":"https:\/\/coiqcv.com\/val\/wp-json\/wp\/v2\/posts\/8294\/revisions\/8298"}],"wp:featuredmedia":[{"embeddable":true,"href":"https:\/\/coiqcv.com\/val\/wp-json\/wp\/v2\/media\/8295"}],"wp:attachment":[{"href":"https:\/\/coiqcv.com\/val\/wp-json\/wp\/v2\/media?parent=8294"}],"wp:term":[{"taxonomy":"category","embeddable":true,"href":"https:\/\/coiqcv.com\/val\/wp-json\/wp\/v2\/categories?post=8294"},{"taxonomy":"post_tag","embeddable":true,"href":"https:\/\/coiqcv.com\/val\/wp-json\/wp\/v2\/tags?post=8294"}],"curies":[{"name":"wp","href":"https:\/\/api.w.org\/{rel}","templated":true}]}}