{"id":8163,"date":"2025-07-31T12:06:23","date_gmt":"2025-07-31T10:06:23","guid":{"rendered":"https:\/\/coiqcv.com\/?p=8163"},"modified":"2025-07-31T12:08:03","modified_gmt":"2025-07-31T10:08:03","slug":"la-iq-autoctona-brilla-en-europa-forner%e2%80%91cuenca-premio-princesa-de-girona-2025","status":"publish","type":"post","link":"https:\/\/coiqcv.com\/val\/la-iq-autoctona-brilla-en-europa-forner%e2%80%91cuenca-premio-princesa-de-girona-2025\/","title":{"rendered":"La IQ aut\u00f2ctona brilla a Europa: Forner\u2011Conca, Premi Princesa de Girona 2025"},"content":{"rendered":"<p>L&#039;enginyer qu\u00edmic alacant\u00ed <strong>Antoni Forner\u2011Conca<\/strong> ha estat distingit amb el <strong>Premi Princesa de Girona a la categoria de Recerca 2025<\/strong>, un guard\u00f3 que reconeix la seva tasca capdavantera en el desenvolupament de tecnologies de <strong>emmagatzematge energ\u00e8tic sostenible<\/strong>, especialment mitjan\u00e7ant <strong>bateries de flux redox<\/strong>.<\/p>\n\n\n\n<hr class=\"wp-block-separator has-alpha-channel-opacity\"\/>\n\n\n\n<h3 class=\"wp-block-heading\">Impacte cient\u00edfic i llegat valenci\u00e0<\/h3>\n\n\n\n<p>Des del 2019, Forner\u2011Cuenca lidera el grup <strong>Electrochemical Materials and Systems<\/strong> a la <strong>Universitat Tecnol\u00f2gica d&#039;Eindhoven (Pa\u00efsos Baixos)<\/strong>, centrat a accelerar la implementaci\u00f3 de solucions energ\u00e8tiques sostenibles. La seva investigaci\u00f3 combina <strong>enginyeria electroqu\u00edmica<\/strong>, <strong>ci\u00e8ncia de materials<\/strong> i <strong>simulaci\u00f3 computacional<\/strong> per dissenyar <strong>el\u00e8ctrodes porosos sostenibles<\/strong>, amb lobjectiu doptimitzar bateries de flux, reduir els costos de fabricaci\u00f3 i escur\u00e7ar els temps de desenvolupament.<\/p>\n\n\n\n<hr class=\"wp-block-separator has-alpha-channel-opacity\"\/>\n\n\n\n<h3 class=\"wp-block-heading\">Contribucions destacades<\/h3>\n\n\n\n<ul class=\"wp-block-list\">\n<li>Ha desenvolupat <strong>m\u00e8todes de s\u00edntesi de materials porosos amb mojabilitat localitzada<\/strong> i nous <strong>el\u00e8ctrodes funcionals<\/strong>, millorant notablement el rendiment de sistemes demmagatzematge.<\/li>\n\n\n\n<li>Ha aplicat <strong>algorismes gen\u00e8tics<\/strong> en el disseny computacional de components electroqu\u00edmics, cosa que ha perm\u00e8s <strong>augmentar l&#039;efici\u00e8ncia<\/strong> i reduir costos en aplicacions de gran escala.<\/li>\n\n\n\n<li>Compta amb m\u00e9s de <strong>58 publicacions cient\u00edfiques<\/strong> en revistes d&#039;alt impacte com <em>Nature Communications<\/em>, <em>Advanced Materials<\/em> i <em>Nature Chemistry<\/em>, moltes com <strong>autor de correspond\u00e8ncia<\/strong>.<\/li>\n<\/ul>\n\n\n\n<hr class=\"wp-block-separator has-alpha-channel-opacity\"\/>\n\n\n\n<h3 class=\"wp-block-heading\">Traject\u00f2ria acad\u00e8mica i comprom\u00eds social<\/h3>\n\n\n\n<p>Graduat en Enginyeria Qu\u00edmica amb honors per la <strong>Universitat d&#039;Alacant<\/strong>, Forner\u2011Cuenca va obtenir el seu doctorat a la <strong>ETH Zuric<\/strong> \u2014on va ser distingit amb la <strong>Medalla ETH<\/strong>\u2014 i va fer una estada postdoctoral als EUA, desenvolupant bateries de flux de gran capacitat.<br>Ha estat reconegut amb ajuts de recerca de prestigi internacional com la <strong>ERC Starting Grant<\/strong>, els programes <strong>NWO Veni i Vidi<\/strong> i el guard\u00f3 <strong>Europe Hydrogen Young Scientist Award<\/strong>.<\/p>\n\n\n\n<p>M\u00e9s enll\u00e0 dels seus \u00e8xits t\u00e8cnics, ha impulsat una visi\u00f3 de la ci\u00e8ncia amb fort comprom\u00eds social, advocant per una investigaci\u00f3 <strong>oberta<\/strong>, amb vocaci\u00f3 <strong>divulgativa<\/strong>, <strong>col\u00b7laboraci\u00f3 internacional<\/strong> i especial <strong>suport a joves investigadors<\/strong> sense acc\u00e9s a recursos.<\/p>\n\n\n\n<hr class=\"wp-block-separator has-alpha-channel-opacity\"\/>\n\n\n\n<h3 class=\"wp-block-heading\"> Missatge a les noves generacions<\/h3>\n\n\n\n<p>Durant l&#039;acte de lliurament del premi, Forner\u2011Cuenca va dirigir un missatge directe als joves cient\u00edfics:<\/p>\n\n\n\n<blockquote class=\"wp-block-quote is-layout-flow wp-block-quote-is-layout-flow\">\n<p>&quot;Hi ha un enorme camp d&#039;oportunitats per a les noves generacions en aquest sector apassionant. No tingueu por equivocar-vos&quot;.<\/p>\n<\/blockquote>\n\n\n\n<p>Va reivindicar tamb\u00e9 la necessitat de <strong>apropar la ci\u00e8ncia a la societat<\/strong>, simplificant el seu missatge sense perdre rigor, i fomentant una connexi\u00f3 m\u00e9s accessible entre el coneixement i la ciutadania.<\/p>\n\n\n\n<hr class=\"wp-block-separator has-alpha-channel-opacity\"\/>\n\n\n\n<h3 class=\"wp-block-heading\">El <strong>Col\u00b7legi Oficial d&#039;Enginyers Qu\u00edmics de la Comunitat Valenciana (COIQCV)<\/strong> s&#039;enorgulleix del reconeixement a un dels nostres. Aquest premi posa en valor el paper de la <strong>Enginyeria Qu\u00edmica valenciana<\/strong> a l&#039;escenari cient\u00edfic internacional, especialment en una \u00e0rea estrat\u00e8gica com el <strong>emmagatzematge energ\u00e8tic<\/strong>.<\/h3>\n\n\n\n<p><\/p>\n\n\n\n<p><\/p>\n\n\n\n<p><\/p>","protected":false},"excerpt":{"rendered":"<p>El ingeniero qu\u00edmico alicantino Antoni Forner\u2011Cuenca ha sido distinguido con el Premio Princesa de Girona en la categor\u00eda de Investigaci\u00f3n 2025, un galard\u00f3n que reconoce su labor puntera en el desarrollo de tecnolog\u00edas de almacenamiento energ\u00e9tico sostenible, especialmente mediante bater\u00edas de flujo redox. Impacto cient\u00edfico y legado valenciano Desde 2019, Forner\u2011Cuenca lidera el grupo Electrochemical [&hellip;]<\/p>\n","protected":false},"author":1,"featured_media":8164,"comment_status":"closed","ping_status":"closed","sticky":false,"template":"","format":"standard","meta":{"_monsterinsights_skip_tracking":false,"_monsterinsights_sitenote_active":false,"_monsterinsights_sitenote_note":"","_monsterinsights_sitenote_category":0,"_uf_show_specific_survey":0,"_uf_disable_surveys":false,"footnotes":""},"categories":[1],"tags":[],"class_list":["post-8163","post","type-post","status-publish","format-standard","has-post-thumbnail","hentry","category-coiqcv"],"aioseo_notices":[],"_links":{"self":[{"href":"https:\/\/coiqcv.com\/val\/wp-json\/wp\/v2\/posts\/8163","targetHints":{"allow":["GET"]}}],"collection":[{"href":"https:\/\/coiqcv.com\/val\/wp-json\/wp\/v2\/posts"}],"about":[{"href":"https:\/\/coiqcv.com\/val\/wp-json\/wp\/v2\/types\/post"}],"author":[{"embeddable":true,"href":"https:\/\/coiqcv.com\/val\/wp-json\/wp\/v2\/users\/1"}],"replies":[{"embeddable":true,"href":"https:\/\/coiqcv.com\/val\/wp-json\/wp\/v2\/comments?post=8163"}],"version-history":[{"count":2,"href":"https:\/\/coiqcv.com\/val\/wp-json\/wp\/v2\/posts\/8163\/revisions"}],"predecessor-version":[{"id":8166,"href":"https:\/\/coiqcv.com\/val\/wp-json\/wp\/v2\/posts\/8163\/revisions\/8166"}],"wp:featuredmedia":[{"embeddable":true,"href":"https:\/\/coiqcv.com\/val\/wp-json\/wp\/v2\/media\/8164"}],"wp:attachment":[{"href":"https:\/\/coiqcv.com\/val\/wp-json\/wp\/v2\/media?parent=8163"}],"wp:term":[{"taxonomy":"category","embeddable":true,"href":"https:\/\/coiqcv.com\/val\/wp-json\/wp\/v2\/categories?post=8163"},{"taxonomy":"post_tag","embeddable":true,"href":"https:\/\/coiqcv.com\/val\/wp-json\/wp\/v2\/tags?post=8163"}],"curies":[{"name":"wp","href":"https:\/\/api.w.org\/{rel}","templated":true}]}}