{"id":8082,"date":"2025-07-11T11:47:44","date_gmt":"2025-07-11T09:47:44","guid":{"rendered":"https:\/\/coiqcv.com\/?p=8082"},"modified":"2025-07-11T12:16:08","modified_gmt":"2025-07-11T10:16:08","slug":"europa-refuerza-su-apuesta-por-la-industria-quimica-un-plan-de-accion-con-impacto-directo-en-la-comunitat-valenciana","status":"publish","type":"post","link":"https:\/\/coiqcv.com\/val\/europa-refuerza-su-apuesta-por-la-industria-quimica-un-plan-de-accion-con-impacto-directo-en-la-comunitat-valenciana\/","title":{"rendered":"Europa refor\u00e7a la seva aposta per la ind\u00fastria qu\u00edmica: un pla d&#039;acci\u00f3 amb impacte directe a la Comunitat Valenciana"},"content":{"rendered":"<div data-elementor-type=\"wp-post\" data-elementor-id=\"8082\" class=\"elementor elementor-8082\" data-elementor-post-type=\"post\">\n\t\t\t\t<div data-particle_enable=\"false\" data-particle-mobile-disabled=\"false\" class=\"elementor-element elementor-element-72d49c78 e-flex e-con-boxed e-con e-parent\" data-id=\"72d49c78\" data-element_type=\"container\" data-e-type=\"container\" data-settings=\"{&quot;jet_parallax_layout_list&quot;:[]}\">\n\t\t\t\t\t<div class=\"e-con-inner\">\n\t\t\t\t<div class=\"elementor-element elementor-element-630b0d1c elementor-widget elementor-widget-text-editor\" data-id=\"630b0d1c\" data-element_type=\"widget\" data-e-type=\"widget\" data-widget_type=\"text-editor.default\">\n\t\t\t\t<div class=\"elementor-widget-container\">\n\t\t\t\t\t\t\t\t\t\n<p>La Comissi\u00f3 Europea ha presentat aquest mes de juliol un ambici\u00f3s <strong>Pla d&#039;acci\u00f3 per a la ind\u00fastria qu\u00edmica<\/strong>, amb qu\u00e8 pret\u00e9n rellan\u00e7ar un dels sectors clau per a l&#039;autonomia estrat\u00e8gica, la transici\u00f3 ecol\u00f2gica i la competitivitat industrial del continent. Des del <strong>Col\u00b7legi Oficial d&#039;Enginyers Qu\u00edmics de la Comunitat Valenciana (COIQCV)<\/strong> valorem aquesta iniciativa com una oportunitat cr\u00edtica per enfortir el paper dels nostres professionals i el futur del sector qu\u00edmic a la nostra comunitat.<\/p>\n\n\n<hr class=\"wp-block-separator has-alpha-channel-opacity\" \/>\n\n\n<h2 class=\"wp-block-heading\">Per qu\u00e8 ara?<\/h2>\n\n\n\n<p>La ind\u00fastria qu\u00edmica europea afronta des de fa anys una tempesta perfecta:<\/p>\n\n\n\n<ul class=\"wp-block-list\">\n<li>Costos energ\u00e8tics molt elevats.<\/li>\n\n\n\n<li>Compet\u00e8ncia global, especialment de regions amb una regulaci\u00f3 menys exigent.<\/li>\n\n\n\n<li>Complexitat normativa creixent.<\/li>\n\n\n\n<li>Risc de deslocalitzaci\u00f3 dind\u00fastries essencials.<\/li>\n<\/ul>\n\n\n\n<p>El nou pla respon a aquestes amenaces amb una estrat\u00e8gia integral orientada a la <strong>resili\u00e8ncia, la sostenibilitat i la inversi\u00f3 en innovaci\u00f3<\/strong>, buscant generar un marc favorable perqu\u00e8 les empreses qu\u00edmiques puguin continuar operant, creixent i liderant la transici\u00f3 verda.<\/p>\n\n\n<hr class=\"wp-block-separator has-alpha-channel-opacity\" \/>\n\n\n<h2 class=\"wp-block-heading\">Eixos principals del Pla d&#039;Acci\u00f3<\/h2>\n\n\n\n<ol class=\"wp-block-list\">\n<li><strong>Alian\u00e7a de Subst\u00e0ncies Qu\u00edmiques Essencials<\/strong><br \/>S&#039;establir\u00e0 una xarxa de col\u00b7laboraci\u00f3 amb Estats membres i ind\u00fastria per assegurar la producci\u00f3 de compostos fonamentals per a sectors estrat\u00e8gics com ara la salut, l&#039;energia o l&#039;automoci\u00f3.<\/li>\n\n\n\n<li><strong>Energia competitiva i acc\u00e9s a renovables<\/strong><br \/>Es posaran en marxa mesures espec\u00edfiques per facilitar lacc\u00e9s prioritari de la ind\u00fastria qu\u00edmica a infraestructures el\u00e8ctriques i energies netes, clau per a processos electrointensius.<\/li>\n\n\n\n<li><strong>Simplificaci\u00f3 normativa<\/strong><br \/>Amb l&#039;anomenada \u201csisena \u00f2mnibus\u201d qu\u00edmica i ambiental, es pret\u00e9n reduir burocr\u00e0cia en autoritzacions i tr\u00e0mits, sense perdre garanties de seguretat ni sostenibilitat.<\/li>\n\n\n\n<li><strong>Suport financer i incentius<\/strong><br \/>Es revisar\u00e0 el marc dajuts dEstat per compensar els costos indirectes del CO\u2082 i fomentar la inversi\u00f3 en tecnologies netes, reciclatge qu\u00edmic o electrificaci\u00f3.<\/li>\n\n\n\n<li><strong>Consulta sobre contingut reciclat en pl\u00e0stics<\/strong><br \/>S&#039;obre un proc\u00e9s participatiu per definir les regles que afectaran directament les empreses transformadores i recicladores del pl\u00e0stic.<\/li>\n<\/ol>\n\n\n<hr class=\"wp-block-separator has-alpha-channel-opacity\" \/>\n\n\n<h2 class=\"wp-block-heading\">Impacte directe a la Comunitat Valenciana<\/h2>\n\n\n\n<p>La Comunitat Valenciana es troba entre les regions que podrien beneficiar-se de forma directa i significativa d&#039;aquest nou Pla Europeu. Segons dades de FEIQUE i la Generalitat Valenciana, el sector qu\u00edmic representa m\u00e9s del <strong>8% de l&#039;ocupaci\u00f3 qu\u00edmica nacional<\/strong>, amb m\u00e9s de <strong>600 empreses actives<\/strong> en \u00e0mbits com pigments, pol\u00edmers, cosm\u00e8tica, fertilitzants, farmac\u00e8utica i productes industrials intermedis.<\/p>\n\n\n\n<p>Zones com <strong>Castell\u00f3<\/strong> (concentraci\u00f3 d&#039;empreses de pigments i additius per a cer\u00e0mica), <strong>Val\u00e8ncia<\/strong> (pol\u00edmers, transformats pl\u00e0stics, productes agr\u00edcoles) o <strong>Alacant<\/strong> (ind\u00fastria cosm\u00e8tica i de la cura de la llar) formen un teixit qu\u00edmic divers que es veur\u00e0 directament afectat per:<\/p>\n\n\n\n<ul class=\"wp-block-list\">\n<li>Les noves regles sobre <strong>subst\u00e0ncies qu\u00edmiques essencials<\/strong>, que protegiran processos estrat\u00e8gics clau per a sectors com l&#039;automoci\u00f3, l&#039;agricultura o la construcci\u00f3.<\/li>\n\n\n\n<li>Les inversions previstes a <strong>infraestructures energ\u00e8tiques<\/strong> i acc\u00e9s preferent a energies renovables, especialment importants per a pols industrials com <strong>Parc Sagunt, Font del Gerro o El Serrallo<\/strong>.<\/li>\n\n\n\n<li>La promoci\u00f3 del <strong>reciclatge qu\u00edmic<\/strong> i la circularitat de materials pl\u00e0stics, que encaixen amb projectes en marxa a diversos cl\u00fasters valencians.<\/li>\n\n\n\n<li>La <strong>simplificaci\u00f3 regulat\u00f2ria<\/strong>, que permetr\u00e0 agilitzar processos d&#039;innovaci\u00f3, expansi\u00f3 o modernitzaci\u00f3 d&#039;instal\u00b7lacions industrials.<\/li>\n<\/ul>\n\n\n\n<p>A m\u00e9s, la <strong>Universitat Polit\u00e8cnica de Val\u00e8ncia<\/strong>, la <strong>Universitat de Val\u00e8ncia<\/strong>, la <strong>Universitat d&#039;Alacant<\/strong> i la <strong>UJI<\/strong> a Castell\u00f3 formen cada any centenars de <strong>enginyers i enginyeres qu\u00edmiques<\/strong> que alimenten un ecosistema industrial en evoluci\u00f3. El Pla d&#039;Acci\u00f3 ofereix noves oportunitats professionals a <strong>processos sostenibles, digitalitzaci\u00f3, gesti\u00f3 ambiental<\/strong> i <strong>seguretat industrial<\/strong>, tots ells camps on el perfil de lenginyer qu\u00edmic \u00e9s insubstitu\u00efble.<\/p>\n\n\n<hr class=\"wp-block-separator has-alpha-channel-opacity\" \/>\n\n\nEl Pla d\u00b4Acci\u00f3 Europeu arriba en un moment clau per al futur de la ind\u00fastria qu\u00edmica valenciana. Si s&#039;implementa amb efic\u00e0cia, pot suposar un impuls decisiu per mantenir la competitivitat, crear ocupaci\u00f3 qualificada i consolidar el paper de la nostra comunitat com a referent en la transformaci\u00f3 industrial verda. Els enginyers qu\u00edmics estem preparats per liderar aquest canvi des del coneixement, la innovaci\u00f3 i el comprom\u00eds amb la sostenibilitat.\n\n\n\n<p>&nbsp;<\/p>\n\t\t\t\t\t\t\t\t<\/div>\n\t\t\t\t<\/div>\n\t\t\t\t\t<\/div>\n\t\t\t\t<\/div>\n\t\t\t\t<\/div>","protected":false},"excerpt":{"rendered":"<p>La Comisi\u00f3n Europea ha presentado este mes de julio un ambicioso Plan de Acci\u00f3n para la Industria Qu\u00edmica, con el que pretende relanzar uno de los sectores clave para la autonom\u00eda estrat\u00e9gica, la transici\u00f3n ecol\u00f3gica y la competitividad industrial del continente. Desde el Col\u00b7legi Oficial d\u2019Enginyers Qu\u00edmics de la Comunitat Valenciana (COIQCV) valoramos esta iniciativa [&hellip;]<\/p>\n","protected":false},"author":1,"featured_media":8083,"comment_status":"closed","ping_status":"closed","sticky":false,"template":"","format":"standard","meta":{"_monsterinsights_skip_tracking":false,"_monsterinsights_sitenote_active":false,"_monsterinsights_sitenote_note":"","_monsterinsights_sitenote_category":0,"_uf_show_specific_survey":0,"_uf_disable_surveys":false,"footnotes":""},"categories":[1],"tags":[],"class_list":["post-8082","post","type-post","status-publish","format-standard","has-post-thumbnail","hentry","category-coiqcv"],"aioseo_notices":[],"_links":{"self":[{"href":"https:\/\/coiqcv.com\/val\/wp-json\/wp\/v2\/posts\/8082","targetHints":{"allow":["GET"]}}],"collection":[{"href":"https:\/\/coiqcv.com\/val\/wp-json\/wp\/v2\/posts"}],"about":[{"href":"https:\/\/coiqcv.com\/val\/wp-json\/wp\/v2\/types\/post"}],"author":[{"embeddable":true,"href":"https:\/\/coiqcv.com\/val\/wp-json\/wp\/v2\/users\/1"}],"replies":[{"embeddable":true,"href":"https:\/\/coiqcv.com\/val\/wp-json\/wp\/v2\/comments?post=8082"}],"version-history":[{"count":4,"href":"https:\/\/coiqcv.com\/val\/wp-json\/wp\/v2\/posts\/8082\/revisions"}],"predecessor-version":[{"id":8088,"href":"https:\/\/coiqcv.com\/val\/wp-json\/wp\/v2\/posts\/8082\/revisions\/8088"}],"wp:featuredmedia":[{"embeddable":true,"href":"https:\/\/coiqcv.com\/val\/wp-json\/wp\/v2\/media\/8083"}],"wp:attachment":[{"href":"https:\/\/coiqcv.com\/val\/wp-json\/wp\/v2\/media?parent=8082"}],"wp:term":[{"taxonomy":"category","embeddable":true,"href":"https:\/\/coiqcv.com\/val\/wp-json\/wp\/v2\/categories?post=8082"},{"taxonomy":"post_tag","embeddable":true,"href":"https:\/\/coiqcv.com\/val\/wp-json\/wp\/v2\/tags?post=8082"}],"curies":[{"name":"wp","href":"https:\/\/api.w.org\/{rel}","templated":true}]}}