{"id":8022,"date":"2025-06-26T13:09:22","date_gmt":"2025-06-26T11:09:22","guid":{"rendered":"https:\/\/coiqcv.com\/?p=8022"},"modified":"2025-06-26T13:17:28","modified_gmt":"2025-06-26T11:17:28","slug":"innovaplasticos-2025-la-innovacion-quimica-y-en-plasticos-se-consolida-como-palanca-estrategica-de-transformacion-industrial","status":"publish","type":"post","link":"https:\/\/coiqcv.com\/val\/innovaplasticos-2025-la-innovacion-quimica-y-en-plasticos-se-consolida-como-palanca-estrategica-de-transformacion-industrial\/","title":{"rendered":"InnovaPl\u00e0stics 2025: La innovaci\u00f3 qu\u00edmica i en pl\u00e0stics es consolida com a palanca estrat\u00e8gica de transformaci\u00f3 industrial"},"content":{"rendered":"<p>La VIII edici\u00f3 de <strong>InnovaPl\u00e0stics<\/strong>, celebrada de manera virtual ahir dia 25 de juny, ha reafirmat el paper fonamental de la innovaci\u00f3 al sector dels pl\u00e0stics i la ind\u00fastria qu\u00edmica com a motor clau per a la transici\u00f3 cap a un model industrial m\u00e9s sostenible, digital i competitiu. <strong>Plastics Europe<\/strong> i <strong>Els seusChem-Espanya<\/strong>, l&#039;esdeveniment va reunir m\u00e9s de 130 professionals del sector, consolidant-se com un f\u00f2rum estrat\u00e8gic per a l&#039;an\u00e0lisi de tend\u00e8ncies, reptes i oportunitats en mat\u00e8ria de R+D.<\/p>\n\n\n\n<p>L&#039;acte va ser inaugurat per <a href=\"https:\/\/www.linkedin.com\/in\/aliciamartinr?miniProfileUrn=urn%3Ali%3Afs_miniProfile%3AACoAAAOZlwQBDa2IeVc-2eIMbjwA8MRQkWMaesc\"><strong>Alicia Martin Rodriguez<\/strong><\/a>, directora general de Plastics Europe a la regi\u00f3 ib\u00e8rica, i <a href=\"https:\/\/www.linkedin.com\/in\/m-eugenia-anta-espada-39702b11\/\"><strong>Maria Eugenia Anta<\/strong><\/a>, directora de SusChem-Espanya. Totes dues van coincidir a destacar la import\u00e0ncia de la innovaci\u00f3 com a eina per afrontar els desafiaments mediambientals, socials i regulatoris que afecten tant el sector com la ind\u00fastria en general.<\/p>\n\n\n\n<p>La jornada, moderada pel divulgador cient\u00edfic <a href=\"https:\/\/www.linkedin.com\/search\/results\/all\/?fetchDeterministicClustersOnly=true&amp;heroEntityKey=urn%3Ali%3Afsd_profile%3AACoAAAFi7JkBUdKuhffZlU4HJbtVz5KoW110g5I&amp;keywords=luis%20quevedo&amp;origin=RICH_QUERY_TYPEAHEAD_HISTORY&amp;position=0&amp;searchId=b61cfd3c-3ed1-470b-ace1-22e9c03926eb&amp;sid=Bp%3B&amp;spellCorrectionEnabled=true\"><strong>Luis Quevedo<\/strong><\/a>, va incloure una taula rodona amb experts de refer\u00e8ncia de l&#039;\u00e0mbit qu\u00edmic-industrial: <a href=\"https:\/\/www.linkedin.com\/in\/sergio-gimenez-aimplas\/\"><strong>Sergio Gim\u00e9nez<\/strong> <\/a>(AIMPLES), <a href=\"https:\/\/www.linkedin.com\/in\/adriana-orejas-7646063\/?originalSubdomain=es\"><strong>Adriana Orelles<\/strong> <\/a>(Repsol) i <a href=\"https:\/\/www.linkedin.com\/in\/germancastillo\/\"><strong>Germ\u00e0 Castell<\/strong><\/a> (Kemchain), que van abordar des de diferents perspectives com la innovaci\u00f3 est\u00e0 redefinint la producci\u00f3 de materials, l&#039;economia circular, la tra\u00e7abilitat i la digitalitzaci\u00f3 a l&#039;entorn industrial actual.<\/p>\n\n\n\n<p>Entre els temes tractats, van destacar:<\/p>\n\n\n\n<ul class=\"wp-block-list\">\n<li><strong>Nous materials a partir de carboni i biomassa<\/strong>, reciclatge qu\u00edmic i mec\u00e0nic combinat.<\/li>\n\n\n\n<li><strong>Plastr\u00f3nica i impressi\u00f3 funcional<\/strong>, amb aplicacions disruptives com envasos auto-calefactables.<\/li>\n\n\n\n<li><strong>Models de negoci circulars<\/strong> basats en reutilitzaci\u00f3 i refill en sectors com l&#039;alimentari i el cosm\u00e8tic.<\/li>\n\n\n\n<li>Projectes pioners com la <strong>Ecoplanta de Repsol a Tarragona<\/strong>, orientada a la gesti\u00f3 intel\u00b7ligent de residus industrials.<\/li>\n\n\n\n<li>L&#039;\u00fas creixent de la <strong>intel\u00b7lig\u00e8ncia artificial i l&#039;anal\u00edtica avan\u00e7ada<\/strong> com a impulsors del rendiment, la transpar\u00e8ncia i la sostenibilitat.<\/li>\n<\/ul>\n\n\n\n<p>Des del COIQCV, animem tots els nostres col\u00b7legiats a seguir de prop iniciatives com <strong>InnovaPl\u00e0stics<\/strong>, que reflecteixen com el coneixement i la tecnologia aplicada des de l&#039;enginyeria qu\u00edmica estan liderant processos de canvi estructural. La transici\u00f3 cap a una ind\u00fastria m\u00e9s sostenible i resilient passa per la incorporaci\u00f3 de talent qualificat i una aposta decidida per la innovaci\u00f3, elements en qu\u00e8 els enginyers qu\u00edmics juguen un paper protagonista.<\/p>\n\n\n\n<p><a href=\"https:\/\/cloud.feique.org\/index.php\/s\/mjXw6tDt7a3t8mG\" target=\"_blank\" rel=\"noopener\" title=\"\">Presentacions.<\/a><\/p>\n\n\n\n<figure class=\"wp-block-embed is-type-video is-provider-youtube wp-block-embed-youtube wp-embed-aspect-16-9 wp-has-aspect-ratio\"><div class=\"wp-block-embed__wrapper\">\n<iframe title=\"#InnovaPl\u00e0stics 2025 | La innovaci\u00f3 al cor de la ind\u00fastria\" width=\"800\" height=\"450\" src=\"https:\/\/www.youtube.com\/embed\/RZbPSfG3RlQ?feature=oembed\" frameborder=\"0\" allow=\"accelerometer; autoplay; clipboard-write; encrypted-media; gyroscope; picture-in-picture; web-share\" referrerpolicy=\"strict-origin-when-cross-origin\" allowfullscreen><\/iframe>\n<\/div><\/figure>","protected":false},"excerpt":{"rendered":"<p>La VIII edici\u00f3n de InnovaPl\u00e1sticos, celebrada de manera virtual ayer d\u00eda 25 de junio, ha reafirmado el papel fundamental de la innovaci\u00f3n en el sector de los pl\u00e1sticos y la industria qu\u00edmica como motor clave para la transici\u00f3n hacia un modelo industrial m\u00e1s sostenible, digital y competitivo. Organizado por Plastics Europe y SusChem-Espa\u00f1a, el evento [&hellip;]<\/p>\n","protected":false},"author":1,"featured_media":8023,"comment_status":"closed","ping_status":"closed","sticky":false,"template":"","format":"standard","meta":{"_monsterinsights_skip_tracking":false,"_monsterinsights_sitenote_active":false,"_monsterinsights_sitenote_note":"","_monsterinsights_sitenote_category":0,"_uf_show_specific_survey":0,"_uf_disable_surveys":false,"footnotes":""},"categories":[1],"tags":[],"class_list":["post-8022","post","type-post","status-publish","format-standard","has-post-thumbnail","hentry","category-coiqcv"],"aioseo_notices":[],"_links":{"self":[{"href":"https:\/\/coiqcv.com\/val\/wp-json\/wp\/v2\/posts\/8022","targetHints":{"allow":["GET"]}}],"collection":[{"href":"https:\/\/coiqcv.com\/val\/wp-json\/wp\/v2\/posts"}],"about":[{"href":"https:\/\/coiqcv.com\/val\/wp-json\/wp\/v2\/types\/post"}],"author":[{"embeddable":true,"href":"https:\/\/coiqcv.com\/val\/wp-json\/wp\/v2\/users\/1"}],"replies":[{"embeddable":true,"href":"https:\/\/coiqcv.com\/val\/wp-json\/wp\/v2\/comments?post=8022"}],"version-history":[{"count":3,"href":"https:\/\/coiqcv.com\/val\/wp-json\/wp\/v2\/posts\/8022\/revisions"}],"predecessor-version":[{"id":8026,"href":"https:\/\/coiqcv.com\/val\/wp-json\/wp\/v2\/posts\/8022\/revisions\/8026"}],"wp:featuredmedia":[{"embeddable":true,"href":"https:\/\/coiqcv.com\/val\/wp-json\/wp\/v2\/media\/8023"}],"wp:attachment":[{"href":"https:\/\/coiqcv.com\/val\/wp-json\/wp\/v2\/media?parent=8022"}],"wp:term":[{"taxonomy":"category","embeddable":true,"href":"https:\/\/coiqcv.com\/val\/wp-json\/wp\/v2\/categories?post=8022"},{"taxonomy":"post_tag","embeddable":true,"href":"https:\/\/coiqcv.com\/val\/wp-json\/wp\/v2\/tags?post=8022"}],"curies":[{"name":"wp","href":"https:\/\/api.w.org\/{rel}","templated":true}]}}