{"id":7906,"date":"2025-05-26T10:59:36","date_gmt":"2025-05-26T08:59:36","guid":{"rendered":"https:\/\/coiqcv.com\/?p=7906"},"modified":"2025-05-26T11:49:06","modified_gmt":"2025-05-26T09:49:06","slug":"el-ies-districte-maritim-y-lorena-cortes-se-suman-al-impulso-de-las-vocaciones-stem-con-girls4stem","status":"publish","type":"post","link":"https:\/\/coiqcv.com\/val\/el-ies-districte-maritim-y-lorena-cortes-se-suman-al-impulso-de-las-vocaciones-stem-con-girls4stem\/","title":{"rendered":"L&#039;IES Districte Mar\u00edtim i Lorena Cort\u00e9s se sumen a l&#039;impuls de les vocacions STEM amb Girls4STEM"},"content":{"rendered":"<p>L&#039;alumnat de 3r ESO C de l&#039;IES Districte Mar\u00edtim ha participat activament al projecte <strong>Girls4STEM<\/strong>, una iniciativa adre\u00e7ada a fomentar vocacions cient\u00edfiques i tecnol\u00f2giques entre els m\u00e9s joves, amb especial \u00e8mfasi en les noies. Com a part del projecte, els estudiants han tingut l&#039;oportunitat de con\u00e8ixer l&#039;enginyer qu\u00edmic <strong>Lorena Cort\u00e9s<\/strong>, professional a Hinojosa i tresorera del nostre col\u00b7legi, qui ha compartit la seva traject\u00f2ria i la seva experi\u00e8ncia en la gesti\u00f3 de projectes industrials.<\/p>\n\n\n\n<p>A trav\u00e9s d&#039;una presentaci\u00f3 en v\u00eddeo, els alumnes van mostrar el resultat del seu treball de recerca i divulgaci\u00f3, destacant-ne el paper com a referent femen\u00ed en un sector tradicionalment masculinitzat. L&#039;enfocament del projecte va permetre a l&#039;alumnat apropar-se de manera din\u00e0mica i participativa al m\u00f3n de l&#039;enginyeria, trencant estereotips de g\u00e8nere i despertant vocacions.<\/p>\n\n\n\n<p>El projecte Girls4STEM est\u00e0 <strong>impulsat des de l&#039;Escola T\u00e8cnica Superior d&#039;Enginyeria (ETSE-UV)<\/strong> i el <strong>Vicerectorat d&#039;Estudis de Grau i Pol\u00edtica Ling\u00fc\u00edstica<\/strong> de la <strong>Universitat de Val\u00e8ncia (@ETSEUV @UV_EG)<\/strong>. Compte amb el <strong>finan\u00e7ament de la Fundaci\u00f3 Espanyola per a la Ci\u00e8ncia i la Tecnologia (FECYT)<\/strong> i de la <strong>Conselleria d&#039;Innovaci\u00f3, Universitats, Ci\u00e8ncia i Societat Digital de la Generalitat Valenciana (@GVA)<\/strong>.<\/p>\n\n\n\n<p>A m\u00e9s de promoure la igualtat en l&#039;acc\u00e9s a les disciplines STEM (Ci\u00e8ncia, Tecnologia, Enginyeria i Matem\u00e0tiques), Girls4STEM posa en valor el paper de dones professionals com <strong>Lorena Cort\u00e9s<\/strong>, apropant les seves hist\u00f2ries a les aules per inspirar noves generacions.<\/p>\n\n\n\n<figure class=\"wp-block-embed is-type-video is-provider-youtube wp-block-embed-youtube wp-embed-aspect-16-9 wp-has-aspect-ratio\"><div class=\"wp-block-embed__wrapper\">\n<iframe title=\"Lorena Cortes - 3r ESO C de l&#039;IES District Mar\u00edtim (Val\u00e8ncia)\" width=\"800\" height=\"450\" src=\"https:\/\/www.youtube.com\/embed\/34CIr8OnGNg?feature=oembed\" frameborder=\"0\" allow=\"accelerometer; autoplay; clipboard-write; encrypted-media; gyroscope; picture-in-picture; web-share\" referrerpolicy=\"strict-origin-when-cross-origin\" allowfullscreen><\/iframe>\n<\/div><\/figure>\n\n\n\n<p>\ud83d\udcda <strong>M\u00e9s informaci\u00f3 sobre el projecte Girls4STEM<\/strong>:<br>\ud83c\udf10 <a class=\"\" href=\"https:\/\/www.girls4stem.es\">https:\/\/www.girls4stem.es<\/a><\/p>","protected":false},"excerpt":{"rendered":"<p>El alumnado de 3\u00ba ESO C del IES Districte Mar\u00edtim ha participado activamente en el proyecto Girls4STEM, una iniciativa dirigida a fomentar vocaciones cient\u00edficas y tecnol\u00f3gicas entre los m\u00e1s j\u00f3venes, con especial \u00e9nfasis en las chicas. Como parte del proyecto, los estudiantes han tenido la oportunidad de conocer a la ingeniera qu\u00edmica Lorena Cort\u00e9s, profesional [&hellip;]<\/p>\n","protected":false},"author":1,"featured_media":7907,"comment_status":"closed","ping_status":"closed","sticky":false,"template":"","format":"standard","meta":{"_monsterinsights_skip_tracking":false,"_monsterinsights_sitenote_active":false,"_monsterinsights_sitenote_note":"","_monsterinsights_sitenote_category":0,"_uf_show_specific_survey":0,"_uf_disable_surveys":false,"footnotes":""},"categories":[1],"tags":[],"class_list":["post-7906","post","type-post","status-publish","format-standard","has-post-thumbnail","hentry","category-coiqcv"],"aioseo_notices":[],"_links":{"self":[{"href":"https:\/\/coiqcv.com\/val\/wp-json\/wp\/v2\/posts\/7906","targetHints":{"allow":["GET"]}}],"collection":[{"href":"https:\/\/coiqcv.com\/val\/wp-json\/wp\/v2\/posts"}],"about":[{"href":"https:\/\/coiqcv.com\/val\/wp-json\/wp\/v2\/types\/post"}],"author":[{"embeddable":true,"href":"https:\/\/coiqcv.com\/val\/wp-json\/wp\/v2\/users\/1"}],"replies":[{"embeddable":true,"href":"https:\/\/coiqcv.com\/val\/wp-json\/wp\/v2\/comments?post=7906"}],"version-history":[{"count":2,"href":"https:\/\/coiqcv.com\/val\/wp-json\/wp\/v2\/posts\/7906\/revisions"}],"predecessor-version":[{"id":7909,"href":"https:\/\/coiqcv.com\/val\/wp-json\/wp\/v2\/posts\/7906\/revisions\/7909"}],"wp:featuredmedia":[{"embeddable":true,"href":"https:\/\/coiqcv.com\/val\/wp-json\/wp\/v2\/media\/7907"}],"wp:attachment":[{"href":"https:\/\/coiqcv.com\/val\/wp-json\/wp\/v2\/media?parent=7906"}],"wp:term":[{"taxonomy":"category","embeddable":true,"href":"https:\/\/coiqcv.com\/val\/wp-json\/wp\/v2\/categories?post=7906"},{"taxonomy":"post_tag","embeddable":true,"href":"https:\/\/coiqcv.com\/val\/wp-json\/wp\/v2\/tags?post=7906"}],"curies":[{"name":"wp","href":"https:\/\/api.w.org\/{rel}","templated":true}]}}