{"id":7874,"date":"2025-05-14T15:31:33","date_gmt":"2025-05-14T13:31:33","guid":{"rendered":"https:\/\/coiqcv.com\/?p=7874"},"modified":"2025-05-14T15:31:34","modified_gmt":"2025-05-14T13:31:34","slug":"el-coiqcv-participo-en-el-acto-de-imposicion-de-insignias-de-los-nuevos-graduados-en-ingenieria-de-la-universidad-de-almeria","status":"publish","type":"post","link":"https:\/\/coiqcv.com\/val\/el-coiqcv-participo-en-el-acto-de-imposicion-de-insignias-de-los-nuevos-graduados-en-ingenieria-de-la-universidad-de-almeria\/","title":{"rendered":"El COIQCV va participar a l&#039;acte d&#039;imposici\u00f3 d&#039;ins\u00edgnies dels nous graduats en Enginyeria de la Universitat d&#039;Almeria"},"content":{"rendered":"<p>El Col\u00b7legi Oficial d&#039;Enginyers Qu\u00edmics de la Comunitat Valenciana (COIQCV) va ser present a l&#039;acte d&#039;imposici\u00f3 d&#039;ins\u00edgnies celebrat el passat <strong>divendres 9 de maig<\/strong> a la <strong>Universitat d&#039;Almeria<\/strong>, dirigit als estudiants que han finalitzat els graus i m\u00e0ster en Enginyeria Qu\u00edmica, aix\u00ed com en Enginyeria Industrial.<\/p>\n\n\n\n<p>El col\u00b7legi va estar representat pel seu vocal, <strong>Isidre Mu\u00f1oz<\/strong>, qui va participar en la cerim\u00f2nia al costat de diverses autoritats acad\u00e8miques i representants institucionals. Aquest acte, organitzat per la <strong>Escola Superior d&#039;Enginyeria<\/strong>, va recon\u00e8ixer l&#039;esfor\u00e7 dels nous titulats i va premiar, entre altres m\u00e8rits, el millor Treball Fi de M\u00e0ster.<\/p>\n\n\n\n<p>La participaci\u00f3 del COIQCV en aquest esdeveniment suposa un pas important en la visibilitzaci\u00f3 i la posada en valor de l&#039;Enginyeria Qu\u00edmica dins de l&#039;\u00e0mbit universitari i professional.<\/p>\n\n\n\n<p><\/p>","protected":false},"excerpt":{"rendered":"<p>El Colegio Oficial de Ingenieros Qu\u00edmicos de la Comunitat Valenciana (COIQCV) estuvo presente en el acto de imposici\u00f3n de insignias celebrado el pasado viernes 9 de mayo en la Universidad de Almer\u00eda, dirigido a los estudiantes que han finalizado los grados y m\u00e1ster en Ingenier\u00eda Qu\u00edmica, as\u00ed como en Ingenier\u00eda Industrial. El colegio estuvo representado [&hellip;]<\/p>\n","protected":false},"author":1,"featured_media":7875,"comment_status":"closed","ping_status":"closed","sticky":false,"template":"","format":"standard","meta":{"_monsterinsights_skip_tracking":false,"_monsterinsights_sitenote_active":false,"_monsterinsights_sitenote_note":"","_monsterinsights_sitenote_category":0,"_uf_show_specific_survey":0,"_uf_disable_surveys":false,"footnotes":""},"categories":[1],"tags":[],"class_list":["post-7874","post","type-post","status-publish","format-standard","has-post-thumbnail","hentry","category-coiqcv"],"aioseo_notices":[],"_links":{"self":[{"href":"https:\/\/coiqcv.com\/val\/wp-json\/wp\/v2\/posts\/7874","targetHints":{"allow":["GET"]}}],"collection":[{"href":"https:\/\/coiqcv.com\/val\/wp-json\/wp\/v2\/posts"}],"about":[{"href":"https:\/\/coiqcv.com\/val\/wp-json\/wp\/v2\/types\/post"}],"author":[{"embeddable":true,"href":"https:\/\/coiqcv.com\/val\/wp-json\/wp\/v2\/users\/1"}],"replies":[{"embeddable":true,"href":"https:\/\/coiqcv.com\/val\/wp-json\/wp\/v2\/comments?post=7874"}],"version-history":[{"count":1,"href":"https:\/\/coiqcv.com\/val\/wp-json\/wp\/v2\/posts\/7874\/revisions"}],"predecessor-version":[{"id":7876,"href":"https:\/\/coiqcv.com\/val\/wp-json\/wp\/v2\/posts\/7874\/revisions\/7876"}],"wp:featuredmedia":[{"embeddable":true,"href":"https:\/\/coiqcv.com\/val\/wp-json\/wp\/v2\/media\/7875"}],"wp:attachment":[{"href":"https:\/\/coiqcv.com\/val\/wp-json\/wp\/v2\/media?parent=7874"}],"wp:term":[{"taxonomy":"category","embeddable":true,"href":"https:\/\/coiqcv.com\/val\/wp-json\/wp\/v2\/categories?post=7874"},{"taxonomy":"post_tag","embeddable":true,"href":"https:\/\/coiqcv.com\/val\/wp-json\/wp\/v2\/tags?post=7874"}],"curies":[{"name":"wp","href":"https:\/\/api.w.org\/{rel}","templated":true}]}}