{"id":7841,"date":"2025-05-09T12:14:46","date_gmt":"2025-05-09T10:14:46","guid":{"rendered":"https:\/\/coiqcv.com\/?p=7841"},"modified":"2025-05-09T12:14:47","modified_gmt":"2025-05-09T10:14:47","slug":"consulta-publica-sobre-el-nuevo-real-decreto-de-envases-y-residuos-de-envases","status":"publish","type":"post","link":"https:\/\/coiqcv.com\/val\/consulta-publica-sobre-el-nuevo-real-decreto-de-envases-y-residuos-de-envases\/","title":{"rendered":"Consulta p\u00fablica sobre el nou Reial decret d&#039;envasos i residus d&#039;envasos"},"content":{"rendered":"<p>Des del Col\u00b7legi Oficial d&#039;Enginyers Qu\u00edmics de la Comunitat Valenciana (COIQCV) informem que el Ministeri per a la Transici\u00f3 Ecol\u00f2gica i el Repte Demogr\u00e0fic (MITERD) n&#039;ha obert una <strong>consulta p\u00fablica pr\u00e8via<\/strong> sobre el projecte de <strong>nou Reial Decret relatiu a envasos i residus d&#039;envasos<\/strong>.<\/p>\n\n\n\n<p>L&#039;objectiu d&#039;aquesta nova normativa \u00e9s adaptar el marc legal espanyol al <strong>Reglament Europeu (UE) 2025\/40<\/strong>, en vigor des del passat <strong>12 de febrer de 2025<\/strong> i de <strong>aplicaci\u00f3 obligat\u00f2ria a partir del 12 d&#039;agost del 2026<\/strong>.<\/p>\n\n\n\n<h3 class=\"wp-block-heading\"><strong>Principals novetats del projecte:<\/strong><\/h3>\n\n\n\n<ul class=\"wp-block-list\">\n<li>Implantaci\u00f3 d&#039;un <strong>etiquetatge harmonitzat<\/strong> per a envasos.<\/li>\n\n\n\n<li>Noves <strong>regles sobre compostabilitat<\/strong> i restriccions en determinats formats.<\/li>\n\n\n\n<li>Establiment de <strong>objectius de reutilitzaci\u00f3<\/strong>, amb especial atenci\u00f3 al sector de menjar i beguda per emportar.<\/li>\n\n\n\n<li>Refor\u00e7 de la <strong>responsabilitat ampliada del productor<\/strong>, incloent possibles sistemes de <strong>dip\u00f2sit, devoluci\u00f3 i tornada (SDDR)<\/strong>.<\/li>\n\n\n\n<li>Millora dels <strong>objectius de reciclatge<\/strong> i m\u00e9s exig\u00e8ncia a la <strong>tra\u00e7abilitat<\/strong>.<\/li>\n\n\n\n<li>Proposta d&#039;una <strong>finestreta \u00fanica<\/strong> per a sistemes col\u00b7lectius.<\/li>\n\n\n\n<li><strong>Clarificaci\u00f3 de definicions clau<\/strong> i repartiment de costos entre productors i consumidors.<\/li>\n<\/ul>\n\n\n\n<p>Es plantegen dues opcions regulat\u00f2ries: l&#039;elaboraci\u00f3 d&#039;un <strong>nou Reial Decret<\/strong> o la <strong>modificaci\u00f3 del RD 1055\/2022<\/strong> actualment en vigor.<\/p>\n\n\n\n<h3 class=\"wp-block-heading\"><strong>Participaci\u00f3 del sector<\/strong><\/h3>\n\n\n\n<p>Des del COIQCV animem tots els col\u00b7legiats i professionals del sector a revisar el document del projecte (adjunt al comunicat) i <strong>presentar els vostres comentaris o al\u00b7legacions<\/strong> a trav\u00e9s del formulari habilitat pel Ministeri. Les aportacions s&#039;han d&#039;enviar al correu: <strong><a>unidadtecnica@coiqcv.com<\/a><\/strong> abans del proper <strong>15 de maig<\/strong>.<\/p>\n\n\n\n<p>La participaci\u00f3 dels professionals de l&#039;enginyeria qu\u00edmica \u00e9s essencial perqu\u00e8 la nova normativa reflecteixi les necessitats i l&#039;experi\u00e8ncia del sector.<\/p>","protected":false},"excerpt":{"rendered":"<p>Desde el Colegio Oficial de Ingenieros Qu\u00edmicos de la Comunitat Valenciana (COIQCV) informamos que el Ministerio para la Transici\u00f3n Ecol\u00f3gica y el Reto Demogr\u00e1fico (MITERD) ha abierto una consulta p\u00fablica previa sobre el proyecto de nuevo Real Decreto relativo a envases y residuos de envases. El objetivo de esta nueva normativa es adaptar el marco [&hellip;]<\/p>\n","protected":false},"author":1,"featured_media":7842,"comment_status":"closed","ping_status":"closed","sticky":false,"template":"","format":"standard","meta":{"_monsterinsights_skip_tracking":false,"_monsterinsights_sitenote_active":false,"_monsterinsights_sitenote_note":"","_monsterinsights_sitenote_category":0,"_uf_show_specific_survey":0,"_uf_disable_surveys":false,"footnotes":""},"categories":[1],"tags":[],"class_list":["post-7841","post","type-post","status-publish","format-standard","has-post-thumbnail","hentry","category-coiqcv"],"aioseo_notices":[],"_links":{"self":[{"href":"https:\/\/coiqcv.com\/val\/wp-json\/wp\/v2\/posts\/7841","targetHints":{"allow":["GET"]}}],"collection":[{"href":"https:\/\/coiqcv.com\/val\/wp-json\/wp\/v2\/posts"}],"about":[{"href":"https:\/\/coiqcv.com\/val\/wp-json\/wp\/v2\/types\/post"}],"author":[{"embeddable":true,"href":"https:\/\/coiqcv.com\/val\/wp-json\/wp\/v2\/users\/1"}],"replies":[{"embeddable":true,"href":"https:\/\/coiqcv.com\/val\/wp-json\/wp\/v2\/comments?post=7841"}],"version-history":[{"count":1,"href":"https:\/\/coiqcv.com\/val\/wp-json\/wp\/v2\/posts\/7841\/revisions"}],"predecessor-version":[{"id":7843,"href":"https:\/\/coiqcv.com\/val\/wp-json\/wp\/v2\/posts\/7841\/revisions\/7843"}],"wp:featuredmedia":[{"embeddable":true,"href":"https:\/\/coiqcv.com\/val\/wp-json\/wp\/v2\/media\/7842"}],"wp:attachment":[{"href":"https:\/\/coiqcv.com\/val\/wp-json\/wp\/v2\/media?parent=7841"}],"wp:term":[{"taxonomy":"category","embeddable":true,"href":"https:\/\/coiqcv.com\/val\/wp-json\/wp\/v2\/categories?post=7841"},{"taxonomy":"post_tag","embeddable":true,"href":"https:\/\/coiqcv.com\/val\/wp-json\/wp\/v2\/tags?post=7841"}],"curies":[{"name":"wp","href":"https:\/\/api.w.org\/{rel}","templated":true}]}}