{"id":7830,"date":"2025-05-07T16:08:37","date_gmt":"2025-05-07T14:08:37","guid":{"rendered":"https:\/\/coiqcv.com\/?p=7830"},"modified":"2025-05-08T12:07:56","modified_gmt":"2025-05-08T10:07:56","slug":"el-coiqcv-participa-en-el-525-aniversario-de-la-universitat-de-valencia-y-reafirma-su-compromiso-con-la-formacion-y-la-innovacion","status":"publish","type":"post","link":"https:\/\/coiqcv.com\/val\/el-coiqcv-participa-en-el-525-aniversario-de-la-universitat-de-valencia-y-reafirma-su-compromiso-con-la-formacion-y-la-innovacion\/","title":{"rendered":"El COIQCV participa en el 525\u00e8 aniversari de la Universitat de Val\u00e8ncia i reafirma el seu comprom\u00eds amb la formaci\u00f3 i la innovaci\u00f3"},"content":{"rendered":"<p><em>La presidenta del COIQCV, Mar\u00eda Marqu\u00e9s Lle\u00f3, ha assistit a l&#039;acte institucional en representaci\u00f3 del COIQCV, i ha destacat la col\u00b7laboraci\u00f3 activa entre les dues entitats des de la signatura del conveni fa un any.<\/em><\/p>\n\n\n\n<p>(2025-5-6) Amb motiu de la commemoraci\u00f3 del 525\u00e8 aniversari de la Universitat de Val\u00e8ncia, el Col\u00b7legi Oficial d&#039;Enginyers Qu\u00edmics de la Comunitat Valenciana (COIQCV) ha participat en l&#039;acte institucional celebrat per la hist\u00f2rica universitat, reafirmant el seu comprom\u00eds amb la formaci\u00f3 superior i el desenvolupament cientificot\u00e8cnic de la Comunitat Valenciana.<\/p>\n\n\n\n<p>La presidenta del COIQCV, Maria Marqu\u00e9s Lle\u00f3, ha recordat que &quot;fa just un any signem un conveni de col\u00b7laboraci\u00f3 amb la Universitat de Val\u00e8ncia que ha suposat un impuls clau per apropar el m\u00f3n acad\u00e8mic i el professional de l\u00b4enginyeria qu\u00edmica&quot;. Marqu\u00e9s ha subratllat que \u201caquest acord ha perm\u00e8s establir sinergies que ja estan donant fruits en jornades informatives dins de les aules sobre els beneficis de ser col\u00b7legiat\u201d. <\/p>\n\n\n\n<p>A l&#039;acte, presidit per la rectora Maria Vicenta Mestre, s&#039;ha reconegut a acad\u00e8mies, acad\u00e8mies cient\u00edfiques, col\u00b7legis i consolats.<\/p>\n\n\n\n<p>En aquest escenari es va presentar el v\u00eddeo del 525\u00e8 aniversari, on reflecteix la hist\u00f2ria de la Universitat de Val\u00e8ncia en format audiovisual, us convidem a veure&#039;l: <\/p>\n\n\n\n<figure class=\"wp-block-embed is-type-video is-provider-youtube wp-block-embed-youtube wp-embed-aspect-16-9 wp-has-aspect-ratio\"><div class=\"wp-block-embed__wrapper\">\n<iframe title=\"Resum dels 525 anys de la Universitat de Val\u00e8ncia\" width=\"800\" height=\"450\" src=\"https:\/\/www.youtube.com\/embed\/A55FncoaRus?feature=oembed\" frameborder=\"0\" allow=\"accelerometer; autoplay; clipboard-write; encrypted-media; gyroscope; picture-in-picture; web-share\" referrerpolicy=\"strict-origin-when-cross-origin\" allowfullscreen><\/iframe>\n<\/div><\/figure>\n\n\n\n<p>Marqu\u00e9s Lle\u00f3 ha volgut posar en valor \u201cla import\u00e0ncia de seguir estrenyent lla\u00e7os entre la universitat i els col\u00b7legis professionals, especialment en un context de transformaci\u00f3 tecnol\u00f2gica i sostenibilitat en qu\u00e8 l&#039;enginyeria qu\u00edmica hi t\u00e9 molt a aportar\u201d. Aix\u00ed mateix, ha reafirmat que &quot;la col\u00b7laboraci\u00f3 amb la Universitat de Val\u00e8ncia \u00e9s una aposta ferma del COIQCV per continuar contribuint a una formaci\u00f3 d\u00b4excel\u00b7l\u00e8ncia ia una societat m\u00e9s innovadora&quot;.<\/p>\n\n\n\n<p><\/p>","protected":false},"excerpt":{"rendered":"<p>La presidenta del COIQCV, Mar\u00eda Marqu\u00e9s Lle\u00f3, ha asistido al acto institucional en representaci\u00f3n del COIQCV, destacando la colaboraci\u00f3n activa entre ambas entidades desde la firma del convenio hace un a\u00f1o. (2025-5-6) Con motivo de la conmemoraci\u00f3n del 525 aniversario de la Universitat de Val\u00e8ncia, el Colegio Oficial de Ingenieros Qu\u00edmicos de la Comunitat Valenciana [&hellip;]<\/p>\n","protected":false},"author":1,"featured_media":7831,"comment_status":"closed","ping_status":"closed","sticky":false,"template":"","format":"standard","meta":{"_monsterinsights_skip_tracking":false,"_monsterinsights_sitenote_active":false,"_monsterinsights_sitenote_note":"","_monsterinsights_sitenote_category":0,"_uf_show_specific_survey":0,"_uf_disable_surveys":false,"footnotes":""},"categories":[1],"tags":[],"class_list":["post-7830","post","type-post","status-publish","format-standard","has-post-thumbnail","hentry","category-coiqcv"],"aioseo_notices":[],"_links":{"self":[{"href":"https:\/\/coiqcv.com\/val\/wp-json\/wp\/v2\/posts\/7830","targetHints":{"allow":["GET"]}}],"collection":[{"href":"https:\/\/coiqcv.com\/val\/wp-json\/wp\/v2\/posts"}],"about":[{"href":"https:\/\/coiqcv.com\/val\/wp-json\/wp\/v2\/types\/post"}],"author":[{"embeddable":true,"href":"https:\/\/coiqcv.com\/val\/wp-json\/wp\/v2\/users\/1"}],"replies":[{"embeddable":true,"href":"https:\/\/coiqcv.com\/val\/wp-json\/wp\/v2\/comments?post=7830"}],"version-history":[{"count":4,"href":"https:\/\/coiqcv.com\/val\/wp-json\/wp\/v2\/posts\/7830\/revisions"}],"predecessor-version":[{"id":7835,"href":"https:\/\/coiqcv.com\/val\/wp-json\/wp\/v2\/posts\/7830\/revisions\/7835"}],"wp:featuredmedia":[{"embeddable":true,"href":"https:\/\/coiqcv.com\/val\/wp-json\/wp\/v2\/media\/7831"}],"wp:attachment":[{"href":"https:\/\/coiqcv.com\/val\/wp-json\/wp\/v2\/media?parent=7830"}],"wp:term":[{"taxonomy":"category","embeddable":true,"href":"https:\/\/coiqcv.com\/val\/wp-json\/wp\/v2\/categories?post=7830"},{"taxonomy":"post_tag","embeddable":true,"href":"https:\/\/coiqcv.com\/val\/wp-json\/wp\/v2\/tags?post=7830"}],"curies":[{"name":"wp","href":"https:\/\/api.w.org\/{rel}","templated":true}]}}