{"id":7804,"date":"2025-04-29T15:35:49","date_gmt":"2025-04-29T13:35:49","guid":{"rendered":"https:\/\/coiqcv.com\/?p=7804"},"modified":"2025-05-05T14:59:45","modified_gmt":"2025-05-05T12:59:45","slug":"el-coiqcv-disfruta-de-la-noche-de-la-ingenieria-quimica-en-los-premios-avelino-corma","status":"publish","type":"post","link":"https:\/\/coiqcv.com\/val\/el-coiqcv-disfruta-de-la-noche-de-la-ingenieria-quimica-en-los-premios-avelino-corma\/","title":{"rendered":"El COIQCV gaudeix de la Nit de l&#039;Enginyeria Qu\u00edmica als Premis Avelino Corma"},"content":{"rendered":"<p>La m\u00e0gia de la innovaci\u00f3 i el reconeixement professional es van donar cita a la darrera edici\u00f3 dels <strong>Premis Avelino Corma<\/strong>, una nit dedicada a celebrar els \u00e8xits m\u00e9s destacats en l&#039;\u00e0mbit de la <strong>enginyeria qu\u00edmica<\/strong>.<\/p>\n\n\n\n<p id=\"ember1192\">L&#039;esdeveniment, organitzat conjuntament pel <a href=\"https:\/\/www.linkedin.com\/in\/copiq-castilla-la-mancha-862aa7196\/\">COPIQ Castella-la Manxa<\/a> <strong>, <\/strong>el <a href=\"https:\/\/www.linkedin.com\/company\/coiqcv\/\">Col\u00b7legi Oficial d&#039;Enginyers Qu\u00edmics de la Comunitat Valenciana (COIQCV)<\/a> , la <a href=\"https:\/\/www.linkedin.com\/company\/fepiq\/\">Federaci\u00f3 Espanyola de Professionals d&#039;Enginyeria Qu\u00edmica -FEPIQ<\/a> va reunir representants de l&#039;enginyeria qu\u00edmica de tot Espanya.<\/p>\n\n\n\n<p id=\"ember1194\"><strong>Maria Marqu\u00e8s<\/strong>, presidenta del COIQCV, va liderar la representaci\u00f3 institucional fent el discurs d&#039;obertura. A la presidenta el van acompanyar <a href=\"https:\/\/www.linkedin.com\/in\/leiregrajeras\/\">Leire Grajeras Monsalvo<\/a> (vicepresidenta), <a href=\"https:\/\/www.linkedin.com\/in\/gerente-colegio-profesional-ingenieros-quimicos\/\">Noelia Sope\u00f1a<\/a> (secret\u00e0ria), <a href=\"https:\/\/www.linkedin.com\/in\/lorena-cortes-silva\/\">Lorena Cortes Silva<\/a> (tresorera) i <a href=\"https:\/\/www.linkedin.com\/in\/mar%C3%ADa-ruiz-garc%C3%ADa-process-safety\/\">Maria Ruiz Garc\u00eda<\/a> (vocal). Juntes, van participar activament en aquest esdeveniment clau per al sector, mostrant el comprom\u00eds del col\u00b7legi amb l&#039;impuls del talent, el reconeixement a l&#039;excel\u00b7l\u00e8ncia a l&#039;enginyeria qu\u00edmica.<\/p>\n\n\n\n<p id=\"ember1199\">La gala, que va reunir destacats professionals, investigadors i entitats del m\u00f3n de l&#039;enginyeria qu\u00edmica, no va ser nom\u00e9s un espai per premiar traject\u00f2ries brillants, sin\u00f3 tamb\u00e9 una oportunitat per refor\u00e7ar lla\u00e7os i compartir visions sobre el futur de la professi\u00f3.<\/p>\n\n\n\n<p>Des del COIQCV, celebrem la consolidaci\u00f3 d&#039;aquest tipus d&#039;esdeveniments com a espais imprescindibles per <strong>posar en valor el paper de l&#039;enginyeria qu\u00edmica en el desenvolupament sostenible, la ind\u00fastria i la societat<\/strong>.<\/p>\n\n\n\n<p><\/p>","protected":false},"excerpt":{"rendered":"<p>La magia de la innovaci\u00f3n y el reconocimiento profesional se dieron cita en la \u00faltima edici\u00f3n de los Premios Avelino Corma, una noche dedicada a celebrar los logros m\u00e1s destacados en el \u00e1mbito de la ingenier\u00eda qu\u00edmica. El evento, organizado conjuntamente por el COPIQ Castilla-La Mancha , el Colegio Oficial de Ingenieros Qu\u00edmicos de la [&hellip;]<\/p>\n","protected":false},"author":1,"featured_media":7805,"comment_status":"closed","ping_status":"closed","sticky":false,"template":"","format":"standard","meta":{"_monsterinsights_skip_tracking":false,"_monsterinsights_sitenote_active":false,"_monsterinsights_sitenote_note":"","_monsterinsights_sitenote_category":0,"_uf_show_specific_survey":0,"_uf_disable_surveys":false,"footnotes":""},"categories":[1],"tags":[],"class_list":["post-7804","post","type-post","status-publish","format-standard","has-post-thumbnail","hentry","category-coiqcv"],"aioseo_notices":[],"_links":{"self":[{"href":"https:\/\/coiqcv.com\/val\/wp-json\/wp\/v2\/posts\/7804","targetHints":{"allow":["GET"]}}],"collection":[{"href":"https:\/\/coiqcv.com\/val\/wp-json\/wp\/v2\/posts"}],"about":[{"href":"https:\/\/coiqcv.com\/val\/wp-json\/wp\/v2\/types\/post"}],"author":[{"embeddable":true,"href":"https:\/\/coiqcv.com\/val\/wp-json\/wp\/v2\/users\/1"}],"replies":[{"embeddable":true,"href":"https:\/\/coiqcv.com\/val\/wp-json\/wp\/v2\/comments?post=7804"}],"version-history":[{"count":6,"href":"https:\/\/coiqcv.com\/val\/wp-json\/wp\/v2\/posts\/7804\/revisions"}],"predecessor-version":[{"id":7828,"href":"https:\/\/coiqcv.com\/val\/wp-json\/wp\/v2\/posts\/7804\/revisions\/7828"}],"wp:featuredmedia":[{"embeddable":true,"href":"https:\/\/coiqcv.com\/val\/wp-json\/wp\/v2\/media\/7805"}],"wp:attachment":[{"href":"https:\/\/coiqcv.com\/val\/wp-json\/wp\/v2\/media?parent=7804"}],"wp:term":[{"taxonomy":"category","embeddable":true,"href":"https:\/\/coiqcv.com\/val\/wp-json\/wp\/v2\/categories?post=7804"},{"taxonomy":"post_tag","embeddable":true,"href":"https:\/\/coiqcv.com\/val\/wp-json\/wp\/v2\/tags?post=7804"}],"curies":[{"name":"wp","href":"https:\/\/api.w.org\/{rel}","templated":true}]}}