{"id":7791,"date":"2025-04-28T11:34:48","date_gmt":"2025-04-28T09:34:48","guid":{"rendered":"https:\/\/coiqcv.com\/?p=7791"},"modified":"2025-04-29T13:05:53","modified_gmt":"2025-04-29T11:05:53","slug":"la-ii-edicion-de-los-premios-avelino-corma-impulsan-la-visibilidad-de-la-ingenieria-quimica","status":"publish","type":"post","link":"https:\/\/coiqcv.com\/val\/la-ii-edicion-de-los-premios-avelino-corma-impulsan-la-visibilidad-de-la-ingenieria-quimica\/","title":{"rendered":"La II Edici\u00f3 dels Premis Avelino Corma impulsen la visibilitat de l&#039;enginyeria qu\u00edmica"},"content":{"rendered":"<p id=\"ember188\">La segona edici\u00f3 dels <a href=\"https:\/\/www.linkedin.com\/company\/premios-avelino-corma\/\">Premis Avelino Corma \u2013 Treballs Final de M\u00e0ster en Enginyeria Qu\u00edmica<\/a> , celebrada a Toledo, va comptar amb Mar\u00eda Marqu\u00e9s, presidenta del <a href=\"https:\/\/www.linkedin.com\/company\/coiqcv\/\">Col\u00b7legi Oficial d&#039;Enginyers Qu\u00edmics de la Comunitat Valenciana (COIQCV)<\/a> que va protagonitzar un emotiu discurs en qu\u00e8 va defensar el paper essencial de l&#039;enginyeria qu\u00edmica per a la transformaci\u00f3 social i econ\u00f2mica. A m\u00e9s, la intervenci\u00f3 en v\u00eddeo d&#039;Avelino Corma ens va deixar una f\u00f3rmula poderosa sobre el futur de la tecnologia i innovaci\u00f3.<\/p>\n\n\n\n<p id=\"ember189\">El Convent de Sant Pere M\u00e0rtir Toledo va ser l&#039;escenari on es va celebrar la segona edici\u00f3 dels Premis Nacionals Avelino Corma. La gala va reunir referents de la professi\u00f3 a tot Espanya i va consolidar aquests premis com a aparador d&#039;excel\u00b7l\u00e8ncia i comprom\u00eds professional de l&#039;enginyeria qu\u00edmica.<\/p>\n\n\n\n<p id=\"ember190\">Durant la intervenci\u00f3, Mar\u00eda Marques, presidenta del COIQCV, va subratllar l&#039;orgull de la instituci\u00f3 per liderar iniciatives que posen en valor el talent, la innovaci\u00f3 i l&#039;impacte social de l&#039;enginyeria qu\u00edmica. Va destacar el rol estrat\u00e8gic dels enginyers qu\u00edmics en els desafiaments de sostenibilitat, energia i economia circular, i la necessitat d&#039;enfortir la professi\u00f3 mitjan\u00e7ant la col\u00b7legiaci\u00f3.<\/p>\n\n\n\n<p id=\"ember191\">Marqu\u00e9s tamb\u00e9 va posar en valor exemples d&#039;\u00e8xit, com ara el de Sara Aagesen Mu\u00f1oz, actual ministra per a la Transici\u00f3 Ecol\u00f2gica i el Repte Demogr\u00e0fic, formada en enginyeria qu\u00edmica. Aquest esment va reflectir la pres\u00e8ncia creixent d&#039;IQ en llocs de responsabilitat p\u00fablica.<\/p>\n\n\n\n<p id=\"ember192\">En una emotiva intervenci\u00f3 en v\u00eddeo, Avelino Corma va compartir la seva visi\u00f3 sobre el futur de l&#039;enginyeria qu\u00edmica, utilitzant les f\u00f3rmules seg\u00fcents que resumeixen el seu enfocament sobre el progr\u00e9s tecnol\u00f2gic i innovaci\u00f3: <strong>Ci\u00e8ncia + Enginyeria = Tecnologia<\/strong> i <strong>Tecnologia + Mercadot\u00e8cnia = Innovaci\u00f3<\/strong> Aquestes f\u00f3rmules subratllen com l&#039;enginyeria qu\u00edmica, en combinar la ci\u00e8ncia amb la tecnologia i la capacitat del m\u00e0rqueting genera solucions innovadores que transformen la societat.<\/p>\n\n\n\n<p id=\"ember193\">Els premis van destacar joves talents i investigadors en diverses categories:<\/p>\n\n\n\n<ul class=\"wp-block-list\">\n<li><a href=\"https:\/\/www.linkedin.com\/in\/ramon-guimera-ing-quimica\/\">Ramon Guimer\u00e0<\/a> ( <a href=\"https:\/\/www.linkedin.com\/school\/upv\/\">Universitat Polit\u00e8cnica de Val\u00e8ncia (UPV)<\/a> ) va ser premiat a <strong>Cat\u00e0lisi, Petroqu\u00edmica i Optimitzaci\u00f3 de Processos Industrials<\/strong>.<\/li>\n\n\n\n<li><a href=\"https:\/\/www.linkedin.com\/in\/danielbartumeusvallesp%C3%AD\/\">Daniel Bartumeus Vallesp\u00ed<\/a> ( <a href=\"https:\/\/www.linkedin.com\/school\/iqs-barcelona\/\">IQS Barcelona<\/a> ) va rebre el guard\u00f3 a <strong>Energies renovables i transici\u00f3 energ\u00e8tica<\/strong>.<\/li>\n\n\n\n<li><a href=\"https:\/\/www.linkedin.com\/in\/jos%C3%A9-tom%C3%A1s-hern%C3%A1ndez-rodr%C3%ADguez-a89195251\/\">Jos\u00e9 Tom\u00e1s Hern\u00e1ndez Rodr\u00edguez<\/a> ( <a href=\"https:\/\/www.linkedin.com\/school\/uclm\/\">Universitat de Castella-la Manxa<\/a> ) va ser premiat a <strong>Nous Materials<\/strong>.<\/li>\n\n\n\n<li><a href=\"https:\/\/www.linkedin.com\/in\/alberto-p%C3%A9rez-calvo-171616255\/\">Alberto P\u00e9rez Calvo<\/a> ( <a href=\"https:\/\/www.linkedin.com\/school\/university-of-valencia\/\">Universitat de Val\u00e8ncia<\/a> ) va ser reconegut a <strong>Aplicacions ambientals de l\u00b4Enginyeria Qu\u00edmica<\/strong>.<\/li>\n\n\n\n<li><a href=\"https:\/\/www.linkedin.com\/in\/beatriz-l%C3%B3pez-cabezas\/\">Beatriz L\u00f3pez Cabezas<\/a> ( <a href=\"https:\/\/www.linkedin.com\/school\/universidadcomplutense\/\">Universitat Complutense de Madrid<\/a> ) es va emportar el guard\u00f3 a <strong>Qu\u00edmica verda, economia circular i bioeconomia<\/strong>.<\/li>\n<\/ul>\n\n\n\n<p id=\"ember200\">A la categoria de <strong>Empresa Qu\u00edmica amb Car\u00e0cter Innovador o Startup<\/strong>, es va premiar a <a href=\"https:\/\/www.linkedin.com\/company\/calpech\/\">Calpech<\/a> , una empresa derivada de la <a href=\"https:\/\/www.linkedin.com\/school\/universidad-alicante\/\">UA - Universitat d&#039;Alacant \/ Universitat d&#039;Alacant<\/a> que ha desenvolupat una innovadora tecnologia per convertir residus agr\u00edcoles en nanopart\u00edcules de ferro encapsulades en carboni amb m\u00faltiples aplicacions mediambientals.<\/p>\n\n\n\n<p id=\"ember201\">El Premi a la <strong>Traject\u00f2ria Professional<\/strong> va ser atorgat a <a href=\"https:\/\/www.linkedin.com\/in\/ignasi-canagueral-3b96192a\/\">Ignasi Canagueral<\/a> , qui ha liderat transformadors projectes a Dow i \u00e9s un referent en la ind\u00fastria qu\u00edmica espanyola, destacant per la seva contribuci\u00f3 a la sostenibilitat, la descarbonitzaci\u00f3 i la cultura industrial.<\/p>\n\n\n\n<p id=\"ember203\">Aquest esdeveniment va reafirmar la missi\u00f3 del COIQCV de donar suport i de visibilitzar l&#039;enginyeria qu\u00edmica com a pe\u00e7a fonamental per al progr\u00e9s de la societat.<\/p>","protected":false},"excerpt":{"rendered":"<p>La segunda edici\u00f3n de los Premios Avelino Corma &#8211; Trabajos Final de M\u00e1ster en Ingenier\u00eda Qu\u00edmica , celebrada en Toledo, cont\u00f3 con Mar\u00eda Marqu\u00e9s, presidenta del Colegio Oficial de Ingenieros Qu\u00edmicos de la Comunitat Valenciana (COIQCV) que protagoniz\u00f3 un emotivo discurso en el que defendi\u00f3 el papel esencial de la ingenier\u00eda qu\u00edmica para la transformaci\u00f3n [&hellip;]<\/p>\n","protected":false},"author":1,"featured_media":7792,"comment_status":"closed","ping_status":"closed","sticky":false,"template":"","format":"standard","meta":{"_monsterinsights_skip_tracking":false,"_monsterinsights_sitenote_active":false,"_monsterinsights_sitenote_note":"","_monsterinsights_sitenote_category":0,"_uf_show_specific_survey":0,"_uf_disable_surveys":false,"footnotes":""},"categories":[1],"tags":[],"class_list":["post-7791","post","type-post","status-publish","format-standard","has-post-thumbnail","hentry","category-coiqcv"],"aioseo_notices":[],"_links":{"self":[{"href":"https:\/\/coiqcv.com\/val\/wp-json\/wp\/v2\/posts\/7791","targetHints":{"allow":["GET"]}}],"collection":[{"href":"https:\/\/coiqcv.com\/val\/wp-json\/wp\/v2\/posts"}],"about":[{"href":"https:\/\/coiqcv.com\/val\/wp-json\/wp\/v2\/types\/post"}],"author":[{"embeddable":true,"href":"https:\/\/coiqcv.com\/val\/wp-json\/wp\/v2\/users\/1"}],"replies":[{"embeddable":true,"href":"https:\/\/coiqcv.com\/val\/wp-json\/wp\/v2\/comments?post=7791"}],"version-history":[{"count":3,"href":"https:\/\/coiqcv.com\/val\/wp-json\/wp\/v2\/posts\/7791\/revisions"}],"predecessor-version":[{"id":7796,"href":"https:\/\/coiqcv.com\/val\/wp-json\/wp\/v2\/posts\/7791\/revisions\/7796"}],"wp:featuredmedia":[{"embeddable":true,"href":"https:\/\/coiqcv.com\/val\/wp-json\/wp\/v2\/media\/7792"}],"wp:attachment":[{"href":"https:\/\/coiqcv.com\/val\/wp-json\/wp\/v2\/media?parent=7791"}],"wp:term":[{"taxonomy":"category","embeddable":true,"href":"https:\/\/coiqcv.com\/val\/wp-json\/wp\/v2\/categories?post=7791"},{"taxonomy":"post_tag","embeddable":true,"href":"https:\/\/coiqcv.com\/val\/wp-json\/wp\/v2\/tags?post=7791"}],"curies":[{"name":"wp","href":"https:\/\/api.w.org\/{rel}","templated":true}]}}