{"id":7763,"date":"2025-04-17T11:12:23","date_gmt":"2025-04-17T09:12:23","guid":{"rendered":"https:\/\/coiqcv.com\/?p=7763"},"modified":"2025-04-17T11:12:23","modified_gmt":"2025-04-17T09:12:23","slug":"las-grandes-empresas-deberan-calcular-y-publicar-su-huella-de-carbono-entra-en-vigor-el-rd-214-2025","status":"publish","type":"post","link":"https:\/\/coiqcv.com\/val\/las-grandes-empresas-deberan-calcular-y-publicar-su-huella-de-carbono-entra-en-vigor-el-rd-214-2025\/","title":{"rendered":"Les grans empreses hauran de calcular i publicar la seva petjada de carboni: entra en vigor el RD 214\/2025"},"content":{"rendered":"<p>El passat 14 d&#039;abril es va publicar al BOE el <strong>Reial Decret 214\/2025<\/strong>, pel qual s&#039;estableix la <strong>obligaci\u00f3 del c\u00e0lcul anual de la petjada de carboni<\/strong>, l&#039;elaboraci\u00f3 de <strong>plans de reducci\u00f3 d&#039;emissions de gasos amb efecte d&#039;hivernacle a cinc anys<\/strong> i la seva <strong>publicaci\u00f3 accessible i gratu\u00efta<\/strong> a trav\u00e9s del web o l&#039;informe de sostenibilitat de les empreses.<\/p>\n\n\n\n<p>Aquesta obligaci\u00f3 afecta:<\/p>\n\n\n\n<ul class=\"wp-block-list\">\n<li>Empreses que ja estan obligades a presentar informaci\u00f3 no financera, dacord amb el Codi de Comer\u00e7 i la Llei de Societats de Capital.<\/li>\n\n\n\n<li>Empreses amb <strong>m\u00e9s de 250 treballadors<\/strong> que siguin considerades entitats dinter\u00e8s p\u00fablic o que compleixin certs requisits econ\u00f2mics (actiu &gt; 20 M\u20ac o facturaci\u00f3 &gt; 40 M\u20ac durant dos exercicis consecutius).<\/li>\n\n\n\n<li>Entitats del sector p\u00fablic estatal, incloent-hi organismes aut\u00f2noms i serveis comuns de la Seguretat Social.<\/li>\n<\/ul>\n\n\n\n<p>Aix\u00ed mateix, el Reial decret amplia el funcionament del <strong>Registre d&#039;empremta de carboni, compensaci\u00f3 i projectes d&#039;absorci\u00f3 de CO\u2082<\/strong>, vigent des del 2014, per millorar la seva operativa i incorporar noves tipologies com la petjada de carboni d&#039;esdeveniments. La inscripci\u00f3 en aquest registre ser\u00e0 <strong>volunt\u00e0ria<\/strong> per a les empreses obligades per aquesta norma, i les inscripcions realitzades sota l&#039;anterior Reial decret 163\/2014 continuaran sent v\u00e0lides, llevat de necessitat d&#039;actualitzaci\u00f3.<\/p>\n\n\n\n<p>Des del COIQCV animem els col\u00b7legiats a con\u00e8ixer en detall aquesta nova regulaci\u00f3 i la seva possible aplicaci\u00f3 a l&#039;\u00e0mbit de l&#039;enginyeria, la ind\u00fastria i la sostenibilitat empresarial.<\/p>\n\n\n\n<p>\ud83d\udcc4 M\u00e9s informaci\u00f3 i acc\u00e9s al Reial Decret 214\/2025:<br><a href=\"https:\/\/www.miteco.gob.es\/es\/cambio-climatico\/temas\/registro-huella.html\" target=\"_blank\" rel=\"noopener\" title=\"\">Ministeri per a la Transici\u00f3 Ecol\u00f2gica i el Repte Demogr\u00e0fic<\/a><\/p>","protected":false},"excerpt":{"rendered":"<p>El pasado 14 de abril se public\u00f3 en el BOE el Real Decreto 214\/2025, por el que se establece la obligaci\u00f3n del c\u00e1lculo anual de la huella de carbono, la elaboraci\u00f3n de planes de reducci\u00f3n de emisiones de gases de efecto invernadero a cinco a\u00f1os y su publicaci\u00f3n accesible y gratuita a trav\u00e9s de la [&hellip;]<\/p>\n","protected":false},"author":1,"featured_media":7764,"comment_status":"closed","ping_status":"closed","sticky":false,"template":"","format":"standard","meta":{"_monsterinsights_skip_tracking":false,"_monsterinsights_sitenote_active":false,"_monsterinsights_sitenote_note":"","_monsterinsights_sitenote_category":0,"_uf_show_specific_survey":0,"_uf_disable_surveys":false,"footnotes":""},"categories":[1],"tags":[],"class_list":["post-7763","post","type-post","status-publish","format-standard","has-post-thumbnail","hentry","category-coiqcv"],"aioseo_notices":[],"_links":{"self":[{"href":"https:\/\/coiqcv.com\/val\/wp-json\/wp\/v2\/posts\/7763","targetHints":{"allow":["GET"]}}],"collection":[{"href":"https:\/\/coiqcv.com\/val\/wp-json\/wp\/v2\/posts"}],"about":[{"href":"https:\/\/coiqcv.com\/val\/wp-json\/wp\/v2\/types\/post"}],"author":[{"embeddable":true,"href":"https:\/\/coiqcv.com\/val\/wp-json\/wp\/v2\/users\/1"}],"replies":[{"embeddable":true,"href":"https:\/\/coiqcv.com\/val\/wp-json\/wp\/v2\/comments?post=7763"}],"version-history":[{"count":2,"href":"https:\/\/coiqcv.com\/val\/wp-json\/wp\/v2\/posts\/7763\/revisions"}],"predecessor-version":[{"id":7766,"href":"https:\/\/coiqcv.com\/val\/wp-json\/wp\/v2\/posts\/7763\/revisions\/7766"}],"wp:featuredmedia":[{"embeddable":true,"href":"https:\/\/coiqcv.com\/val\/wp-json\/wp\/v2\/media\/7764"}],"wp:attachment":[{"href":"https:\/\/coiqcv.com\/val\/wp-json\/wp\/v2\/media?parent=7763"}],"wp:term":[{"taxonomy":"category","embeddable":true,"href":"https:\/\/coiqcv.com\/val\/wp-json\/wp\/v2\/categories?post=7763"},{"taxonomy":"post_tag","embeddable":true,"href":"https:\/\/coiqcv.com\/val\/wp-json\/wp\/v2\/tags?post=7763"}],"curies":[{"name":"wp","href":"https:\/\/api.w.org\/{rel}","templated":true}]}}