{"id":7485,"date":"2025-02-24T10:34:53","date_gmt":"2025-02-24T09:34:53","guid":{"rendered":"https:\/\/coiqcv.com\/?p=7485"},"modified":"2025-02-24T12:02:52","modified_gmt":"2025-02-24T11:02:52","slug":"espana-impulsa-la-transformacion-de-la-industria-del-plastico-con-la-ingenieria-quimica-como-pilar-clave","status":"publish","type":"post","link":"https:\/\/coiqcv.com\/val\/espana-impulsa-la-transformacion-de-la-industria-del-plastico-con-la-ingenieria-quimica-como-pilar-clave\/","title":{"rendered":"Espanya impulsa la transformaci\u00f3 de la ind\u00fastria del pl\u00e0stic amb l&#039;enginyeria qu\u00edmica com a pilar clau"},"content":{"rendered":"<p>El passat <strong>19 de febrer<\/strong>, el Govern d&#039;Espanya va presentar la <strong>Estrat\u00e8gia de la Ind\u00fastria Espanyola dels Pl\u00e0stics<\/strong>, un ambici\u00f3s pla que aposta per la <strong>enginyeria qu\u00edmica<\/strong> com a motor d&#039;innovaci\u00f3 per aconseguir una ind\u00fastria m\u00e9s <strong>circular, clim\u00e0ticament neutra i competitiva<\/strong>. La iniciativa impulsada pel Ministeri d&#039;Ind\u00fastria i Turisme en col\u00b7laboraci\u00f3 amb la plataforma <strong>EsPl\u00e0stics<\/strong>, destaca la import\u00e0ncia de desenvolupar <strong>noves tecnologies de polimeritzaci\u00f3, reciclatge qu\u00edmic i producci\u00f3 de biopl\u00e0stics<\/strong> per reduir la depend\u00e8ncia de primeres mat\u00e8ries f\u00f2ssils i minimitzar l&#039;impacte ambiental del sector.<\/p>\n\n\n\n<p>Amb una producci\u00f3 de <strong>5,4 milions de tones de mat\u00e8ries primeres pl\u00e0stiques el 2022<\/strong>, la ind\u00fastria espanyola s&#039;enfronta al repte de <strong>optimitzar els processos de s\u00edntesi de pol\u00edmers, millorar l&#039;efici\u00e8ncia energ\u00e8tica a la producci\u00f3 i potenciar el reciclatge qu\u00edmic<\/strong>. Aquest \u00faltim permet la <strong>descomposici\u00f3 de pl\u00e0stics als seus mon\u00f2mers originals<\/strong>, assegurant que els materials reciclats mantinguin les propietats sense degradaci\u00f3, una de les claus per a l&#039;economia circular.<\/p>\n\n\n\n<h3 class=\"wp-block-heading\"><strong>La qu\u00edmica del pl\u00e0stic: innovaci\u00f3 per a la sostenibilitat<\/strong><\/h3>\n\n\n\n<p>El document presentat el <strong>19 de febrer<\/strong> estableix que la investigaci\u00f3 en <strong>catalitzadors avan\u00e7ats, processos de pir\u00f2lisi i gasificaci\u00f3, aix\u00ed com la captura i reutilitzaci\u00f3 de CO\u2082<\/strong>, ser\u00e0 fonamental per garantir la transici\u00f3 del sector. A m\u00e9s, s&#039;aposta per la <strong>s\u00edntesi de pol\u00edmers biodegradables i la integraci\u00f3 de pl\u00e0stics reciclats en nous productes<\/strong>, minimitzant l\u00fas de pl\u00e0stics verges.<\/p>\n\n\n\n<p>Espanya ja \u00e9s l\u00edder en reciclatge de pl\u00e0stics, amb una taxa del <strong>50% el 2022<\/strong>, situant-se com el <strong>segon pa\u00eds europeu amb m\u00e9s capacitat de reciclatge<\/strong>. Tot i aix\u00f2, la nova estrat\u00e8gia busca anar m\u00e9s enll\u00e0, potenciant la <strong>complementarietat del reciclatge mec\u00e0nic i qu\u00edmic<\/strong>, cosa que permetr\u00e0 recuperar materials actualment considerats no reciclables.<\/p>\n\n\n\n<h3 class=\"wp-block-heading\"><strong>Un sector en evoluci\u00f3 amb la qu\u00edmica com a aliada<\/strong><\/h3>\n\n\n\n<p>El 2022, el sector del pl\u00e0stic va invertir m\u00e9s de <strong>111 milions d&#039;euros en R+D+i<\/strong>, amb el <strong>40% del seu personal dedicat a la investigaci\u00f3 qu\u00edmica<\/strong>. \u201cEl futur del pl\u00e0stic \u00e9s a la innovaci\u00f3 qu\u00edmica. Necessitem processos m\u00e9s eficients que aprofitin al m\u00e0xim els residus i redueixin la petjada de carboni\u201d, afirmen des d&#039;Espl\u00e0stics.<\/p>\n\n\n\n<p>La presentaci\u00f3 d&#039;aquesta estrat\u00e8gia marca una fita en la transformaci\u00f3 del sector, situant Espanya a l&#039;avantguarda de la <strong>enginyeria qu\u00edmica aplicada als pl\u00e0stics<\/strong>. Amb un enfocament basat en la sostenibilitat, la investigaci\u00f3 i la digitalitzaci\u00f3, la ind\u00fastria pl\u00e0stica espanyola avan\u00e7a cap a un model m\u00e9s <strong>resilient, innovador i alineat amb els objectius clim\u00e0tics de la Uni\u00f3 Europea<\/strong>.<\/p>\n\n\n\n<p><a href=\"https:\/\/esplasticos.es\/wp-content\/uploads\/2025\/02\/estrategia-de-la-industria-espanola-de-los-plasticos-final-17feb2025.pdf\" title=\"Informe complet\">https:\/\/esplasticos.es\/wp-content\/uploads\/2025\/02\/estrategia-de-la-industria-espanola-de-los-plasticos-final-17feb2025.pdf <\/a><\/p>\n\n\n\n<p><\/p>","protected":false},"excerpt":{"rendered":"<p>El pasado 19 de febrero, el Gobierno de Espa\u00f1a present\u00f3 la Estrategia de la Industria Espa\u00f1ola de los Pl\u00e1sticos, un ambicioso plan que apuesta por la ingenier\u00eda qu\u00edmica como motor de innovaci\u00f3n para lograr una industria m\u00e1s circular, clim\u00e1ticamente neutra y competitiva. La iniciativa, impulsada por el Ministerio de Industria y Turismo en colaboraci\u00f3n con [&hellip;]<\/p>\n","protected":false},"author":1,"featured_media":7486,"comment_status":"closed","ping_status":"closed","sticky":false,"template":"","format":"standard","meta":{"_monsterinsights_skip_tracking":false,"_monsterinsights_sitenote_active":false,"_monsterinsights_sitenote_note":"","_monsterinsights_sitenote_category":0,"_uf_show_specific_survey":0,"_uf_disable_surveys":false,"footnotes":""},"categories":[1],"tags":[],"class_list":["post-7485","post","type-post","status-publish","format-standard","has-post-thumbnail","hentry","category-coiqcv"],"aioseo_notices":[],"_links":{"self":[{"href":"https:\/\/coiqcv.com\/val\/wp-json\/wp\/v2\/posts\/7485","targetHints":{"allow":["GET"]}}],"collection":[{"href":"https:\/\/coiqcv.com\/val\/wp-json\/wp\/v2\/posts"}],"about":[{"href":"https:\/\/coiqcv.com\/val\/wp-json\/wp\/v2\/types\/post"}],"author":[{"embeddable":true,"href":"https:\/\/coiqcv.com\/val\/wp-json\/wp\/v2\/users\/1"}],"replies":[{"embeddable":true,"href":"https:\/\/coiqcv.com\/val\/wp-json\/wp\/v2\/comments?post=7485"}],"version-history":[{"count":3,"href":"https:\/\/coiqcv.com\/val\/wp-json\/wp\/v2\/posts\/7485\/revisions"}],"predecessor-version":[{"id":7492,"href":"https:\/\/coiqcv.com\/val\/wp-json\/wp\/v2\/posts\/7485\/revisions\/7492"}],"wp:featuredmedia":[{"embeddable":true,"href":"https:\/\/coiqcv.com\/val\/wp-json\/wp\/v2\/media\/7486"}],"wp:attachment":[{"href":"https:\/\/coiqcv.com\/val\/wp-json\/wp\/v2\/media?parent=7485"}],"wp:term":[{"taxonomy":"category","embeddable":true,"href":"https:\/\/coiqcv.com\/val\/wp-json\/wp\/v2\/categories?post=7485"},{"taxonomy":"post_tag","embeddable":true,"href":"https:\/\/coiqcv.com\/val\/wp-json\/wp\/v2\/tags?post=7485"}],"curies":[{"name":"wp","href":"https:\/\/api.w.org\/{rel}","templated":true}]}}