{"id":7173,"date":"2024-12-02T12:18:35","date_gmt":"2024-12-02T11:18:35","guid":{"rendered":"https:\/\/coiqcv.com\/?p=7173"},"modified":"2024-12-02T12:36:36","modified_gmt":"2024-12-02T11:36:36","slug":"asamblea-2024","status":"publish","type":"post","link":"https:\/\/coiqcv.com\/val\/asamblea-2024\/","title":{"rendered":"ASSEMBLEA GENERAL ORDIN\u00c0RIA 2024: RELLEU EN LA PRESID\u00c8NCIA, SOLIDARITAT AMB ELS AFECTATS PER LA DANA I RECONEIXEMENT ALS PREMIS AVELINO CORMA"},"content":{"rendered":"<p>L&#039;Assemblea General Ordin\u00e0ria 2024 no nom\u00e9s va marcar l&#039;inici d&#039;un nou cap\u00edtol amb el relleu a la presid\u00e8ncia del Col\u00b7legi d&#039;Enginyers Qu\u00edmics, sin\u00f3 que tamb\u00e9 va ser escenari per reflexionar sobre les fites aconseguides sota la direcci\u00f3 sortint i reafirmar el comprom\u00eds solidari del col\u00b7lectiu amb la societat.<\/p>\n\n\n\n<figure class=\"wp-block-gallery has-nested-images columns-default is-cropped wp-block-gallery-1 is-layout-flex wp-block-gallery-is-layout-flex\">\n<figure class=\"wp-block-image size-large\"><img fetchpriority=\"high\" decoding=\"async\" width=\"2048\" height=\"1536\" data-id=\"7178\" src=\"https:\/\/coiqcv.com\/wp-content\/uploads\/2024\/12\/WhatsApp-Image-2024-12-02-at-11.46.01-1.jpeg\" alt=\"\" class=\"wp-image-7178\"\/><figcaption class=\"wp-element-caption\">Preparaci\u00f3 Assemblea<\/figcaption><\/figure>\n\n\n\n<figure class=\"wp-block-image size-large\"><img decoding=\"async\" width=\"2048\" height=\"1536\" data-id=\"7180\" src=\"https:\/\/coiqcv.com\/wp-content\/uploads\/2024\/12\/WhatsApp-Image-2024-12-02-at-11.45.58.jpeg\" alt=\"\" class=\"wp-image-7180\"\/><figcaption class=\"wp-element-caption\">Nuria Perdices, Tresorera sortint<\/figcaption><\/figure>\n\n\n\n<figure class=\"wp-block-image size-large\"><img decoding=\"async\" width=\"2048\" height=\"1536\" data-id=\"7181\" src=\"https:\/\/coiqcv.com\/wp-content\/uploads\/2024\/12\/WhatsApp-Image-2024-12-02-at-11.45.57.jpeg\" alt=\"\" class=\"wp-image-7181\"\/><figcaption class=\"wp-element-caption\">Jos\u00e9 Mar\u00eda Carrillo<\/figcaption><\/figure>\n\n\n\n<figure class=\"wp-block-image size-large\"><img loading=\"lazy\" decoding=\"async\" width=\"2048\" height=\"1536\" data-id=\"7179\" src=\"https:\/\/coiqcv.com\/wp-content\/uploads\/2024\/12\/WhatsApp-Image-2024-12-02-at-11.45.59.jpeg\" alt=\"\" class=\"wp-image-7179\"\/><figcaption class=\"wp-element-caption\">Beatriu Ferreira<\/figcaption><\/figure>\n\n\n\n<figure class=\"wp-block-image size-large\"><img loading=\"lazy\" decoding=\"async\" width=\"2048\" height=\"1536\" data-id=\"7177\" src=\"https:\/\/coiqcv.com\/wp-content\/uploads\/2024\/12\/WhatsApp-Image-2024-12-02-at-11.45.56.jpeg\" alt=\"\" class=\"wp-image-7177\"\/><figcaption class=\"wp-element-caption\">Noelia Sope\u00f1a, Gerent COIQCV<\/figcaption><\/figure>\n\n\n\n<figure class=\"wp-block-image size-large\"><img loading=\"lazy\" decoding=\"async\" width=\"2048\" height=\"1536\" data-id=\"7182\" src=\"https:\/\/coiqcv.com\/wp-content\/uploads\/2024\/12\/WhatsApp-Image-2024-12-02-at-11.46.01-1-1.jpeg\" alt=\"\" class=\"wp-image-7182\"\/><figcaption class=\"wp-element-caption\">Vista general assemblea<\/figcaption><\/figure>\n<\/figure>\n\n\n\n<h3 class=\"wp-block-heading\"><strong>Comiat de Beatriz Ferreira i Benvinguda de Mar\u00eda Marqu\u00e9s Lle\u00f3<\/strong><\/h3>\n\n\n\n<p><strong>Beatriu Ferreira<\/strong> va tancar la seva etapa com a presidenta, on hem de destacar la celebraci\u00f3 dels <strong>Premis Avelino Corma 2024<\/strong>, duts a terme al mar\u00e7, considerats com una de les fites m\u00e9s grans del seu mandat. Ferreira va agrair el suport dels col\u00b7legiats i les empleades del col\u00b7legi, sobretot per part del seu gerent,<strong> Noelia Sope\u00f1a<\/strong>, i va expressar el seu orgull pels aven\u00e7os aconseguits en la visibilitat i defensa de la professi\u00f3.<\/p>\n\n\n\n<p>La nova presidenta, <strong>Maria Marqu\u00e8s Lle\u00f3<\/strong>, va assumir el c\u00e0rrec amb entusiasme i va presentar els objectius de la seva Junta Directiva, centrats a consolidar els serveis del Col\u00b7legi, atreure nous col\u00b7legiats i enfortir la seva pres\u00e8ncia a l&#039;\u00e0mbit institucional i professional.<\/p>\n\n\n\n<h3 class=\"wp-block-heading\"><strong>Premis Avelino Corma: Una Fita d&#039;Excel\u00b7l\u00e8ncia<\/strong><\/h3>\n\n\n\n<p>Encara celebrats al mar\u00e7, els <strong>Premis Avelino Corma<\/strong> van tornar a ser destacats a l&#039;assemblea com un \u00e8xit significatiu de la direcci\u00f3 sortint. Aquests premis no nom\u00e9s van recon\u00e8ixer el talent i la innovaci\u00f3 a l&#039;enginyeria qu\u00edmica, sin\u00f3 que tamb\u00e9 van refor\u00e7ar la visibilitat del Col\u00b7legi en l&#039;\u00e0mbit cient\u00edfic i acad\u00e8mic.<\/p>\n\n\n\n<p>L&#039;esdeveniment va premiar el professor <strong>Avelino Corma<\/strong> amb el <strong>Guard\u00f3 a l&#039;Excel\u00b7l\u00e8ncia Cient\u00edfica<\/strong>, i va recon\u00e8ixer els millors treballs finals de m\u00e0ster. Aquest \u00e8xit va subratllar la capacitat del Col\u00b7legi per organitzar esdeveniments d&#039;alt impacte i promoure l&#039;excel\u00b7l\u00e8ncia professional.<\/p>\n\n\n\n<h3 class=\"wp-block-heading\"><strong>Solidaritat amb els Afectats per la DANA<\/strong><\/h3>\n\n\n\n<p>Per part del col\u00b7legi ens hem bolcat amb els afectats per la DANA posant-nos en contacte amb tots els col\u00b7legiats que viuen a la zona afectada. Tamb\u00e9 s&#039;ha organitzat una <strong>borsa de voluntariat<\/strong>, facilitant que enginyers qu\u00edmics col\u00b7laborin en la recuperaci\u00f3 de les zones afectades.<\/p>\n\n\n\n<p>A m\u00e9s, es va decidir destinar el pressupost previst per al c\u00e0tering de l&#039;esdeveniment a una <strong>donaci\u00f3 directa<\/strong> per als damnificats. <\/p>\n\n\n\n<h3 class=\"wp-block-heading\"><strong>Aprovaci\u00f3 de Quotes i Pressuposts<\/strong><\/h3>\n\n\n\n<p>Durant l&#039;assemblea, es van aprovar les quotes i pressupostos per al 2025 de manera un\u00e0nime.<\/p>\n\n\n\n<h3 class=\"wp-block-heading\"><strong>Una Nova Era per al Col\u00b7legi<\/strong><\/h3>\n\n\n\n<p>Amb el lideratge de Mar\u00eda Marqu\u00e9s Lle\u00f3 i les fites aconseguides sota la gesti\u00f3 de Beatriz Ferreira, el Col\u00b7legi entra en una etapa prometedora. Els reptes del 2025 estaran marcats per la continu\u00eftat en l&#039;excel\u00b7l\u00e8ncia, la defensa activa de la professi\u00f3 i el refor\u00e7 dels valors de solidaritat i innovaci\u00f3 que caracteritzen aquesta instituci\u00f3 i, per descomptat, una nova edici\u00f3 dels Premis Avelino Corma, aquesta vegada a Toledo,<\/p>\n\n\n\n<figure class=\"wp-block-image size-full\"><img loading=\"lazy\" decoding=\"async\" width=\"2048\" height=\"1536\" src=\"https:\/\/coiqcv.com\/wp-content\/uploads\/2024\/12\/WhatsApp-Image-2024-12-02-at-11.46.00.jpeg\" alt=\"\" class=\"wp-image-7176\"\/><\/figure>","protected":false},"excerpt":{"rendered":"<p>La Asamblea General Ordinaria 2024 no solo marc\u00f3 el inicio de un nuevo cap\u00edtulo con el relevo en la presidencia del Colegio de Ingenieros Qu\u00edmicos, sino que tambi\u00e9n fue escenario para reflexionar sobre los hitos alcanzados bajo la direcci\u00f3n saliente y reafirmar el compromiso solidario del colectivo con la sociedad. Despedida de Beatriz Ferreira y [&hellip;]<\/p>\n","protected":false},"author":1,"featured_media":7182,"comment_status":"closed","ping_status":"closed","sticky":false,"template":"","format":"standard","meta":{"_monsterinsights_skip_tracking":false,"_monsterinsights_sitenote_active":false,"_monsterinsights_sitenote_note":"","_monsterinsights_sitenote_category":0,"_uf_show_specific_survey":0,"_uf_disable_surveys":false,"footnotes":""},"categories":[1],"tags":[],"class_list":["post-7173","post","type-post","status-publish","format-standard","has-post-thumbnail","hentry","category-coiqcv"],"aioseo_notices":[],"_links":{"self":[{"href":"https:\/\/coiqcv.com\/val\/wp-json\/wp\/v2\/posts\/7173","targetHints":{"allow":["GET"]}}],"collection":[{"href":"https:\/\/coiqcv.com\/val\/wp-json\/wp\/v2\/posts"}],"about":[{"href":"https:\/\/coiqcv.com\/val\/wp-json\/wp\/v2\/types\/post"}],"author":[{"embeddable":true,"href":"https:\/\/coiqcv.com\/val\/wp-json\/wp\/v2\/users\/1"}],"replies":[{"embeddable":true,"href":"https:\/\/coiqcv.com\/val\/wp-json\/wp\/v2\/comments?post=7173"}],"version-history":[{"count":4,"href":"https:\/\/coiqcv.com\/val\/wp-json\/wp\/v2\/posts\/7173\/revisions"}],"predecessor-version":[{"id":7190,"href":"https:\/\/coiqcv.com\/val\/wp-json\/wp\/v2\/posts\/7173\/revisions\/7190"}],"wp:featuredmedia":[{"embeddable":true,"href":"https:\/\/coiqcv.com\/val\/wp-json\/wp\/v2\/media\/7182"}],"wp:attachment":[{"href":"https:\/\/coiqcv.com\/val\/wp-json\/wp\/v2\/media?parent=7173"}],"wp:term":[{"taxonomy":"category","embeddable":true,"href":"https:\/\/coiqcv.com\/val\/wp-json\/wp\/v2\/categories?post=7173"},{"taxonomy":"post_tag","embeddable":true,"href":"https:\/\/coiqcv.com\/val\/wp-json\/wp\/v2\/tags?post=7173"}],"curies":[{"name":"wp","href":"https:\/\/api.w.org\/{rel}","templated":true}]}}