{"id":7043,"date":"2024-11-13T15:32:57","date_gmt":"2024-11-13T14:32:57","guid":{"rendered":"https:\/\/coiqcv.com\/?p=7043"},"modified":"2024-11-13T15:32:57","modified_gmt":"2024-11-13T14:32:57","slug":"union-profesional-de-valencia-y-el-coiqcv-ofrecen-apoyo-para-coordinar-la-recuperacion-en-la-comunidad-valenciana","status":"publish","type":"post","link":"https:\/\/coiqcv.com\/val\/union-profesional-de-valencia-y-el-coiqcv-ofrecen-apoyo-para-coordinar-la-recuperacion-en-la-comunidad-valenciana\/","title":{"rendered":"Uni\u00f3 Professional de Val\u00e8ncia i el COIQCV Ofereixen Suport per Coordinar la Recuperaci\u00f3 a la Comunitat Valenciana"},"content":{"rendered":"<p><\/p>\n\n\n\n<p>Val\u00e8ncia, 13 de novembre del 2024 \u2013 Uni\u00f3 Professional de Val\u00e8ncia (UPdV), que agrupa 41 col\u00b7legis i m\u00e9s de 90.000 professionals, ha destacat la \u00abmanca de coordinaci\u00f3\u00bb com el principal obstacle en la recuperaci\u00f3 de les zones afectades pel recent temporal . Segons el seu president, Jos\u00e9 Soriano, encara que els serveis d&#039;emerg\u00e8ncia realitzen \u00abuna gran feina\u00bb, la descoordinaci\u00f3 limita l&#039;abast de l&#039;ajuda oferta per nombrosos professionals i voluntaris.<\/p>\n\n\n\n<p>Per millorar l&#039;efectivitat dels esfor\u00e7os, UPdV s&#039;ha ofert com a \u201cagent coordinador\u201d per gestionar el suport hum\u00e0 i material de forma organitzada. mobilitzat els enginyers per col\u00b7laborar en la gesti\u00f3 de residus, el sanejament i la recuperaci\u00f3 d&#039;infraestructures danyades.<br>A m\u00e9s, UPdV impulsa la creaci\u00f3 de taules sectorials amb experts de diverses \u00e0rees per planificar la reconstrucci\u00f3 i reactivaci\u00f3 econ\u00f2mica a curt i llarg termini.<br>Aprofitem aquest article per agrair als nostres enginyers qu\u00edmics la vostra participaci\u00f3.<\/p>","protected":false},"excerpt":{"rendered":"<p>Valencia, 13 de noviembre de 2024 &#8211; Uni\u00f3n Profesional de Valencia (UPdV), que agrupa a 41 colegios y m\u00e1s de 90.000 profesionales, ha destacado la \u00abfalta de coordinaci\u00f3n\u00bb como el principal obst\u00e1culo en la recuperaci\u00f3n de las zonas afectadas por el reciente temporal. Seg\u00fan su presidente, Jos\u00e9 Soriano, aunque los servicios de emergencia realizan \u00abun [&hellip;]<\/p>\n","protected":false},"author":1,"featured_media":7045,"comment_status":"closed","ping_status":"closed","sticky":false,"template":"","format":"standard","meta":{"_monsterinsights_skip_tracking":false,"_monsterinsights_sitenote_active":false,"_monsterinsights_sitenote_note":"","_monsterinsights_sitenote_category":0,"_uf_show_specific_survey":0,"_uf_disable_surveys":false,"footnotes":""},"categories":[1],"tags":[],"class_list":["post-7043","post","type-post","status-publish","format-standard","has-post-thumbnail","hentry","category-coiqcv"],"aioseo_notices":[],"_links":{"self":[{"href":"https:\/\/coiqcv.com\/val\/wp-json\/wp\/v2\/posts\/7043","targetHints":{"allow":["GET"]}}],"collection":[{"href":"https:\/\/coiqcv.com\/val\/wp-json\/wp\/v2\/posts"}],"about":[{"href":"https:\/\/coiqcv.com\/val\/wp-json\/wp\/v2\/types\/post"}],"author":[{"embeddable":true,"href":"https:\/\/coiqcv.com\/val\/wp-json\/wp\/v2\/users\/1"}],"replies":[{"embeddable":true,"href":"https:\/\/coiqcv.com\/val\/wp-json\/wp\/v2\/comments?post=7043"}],"version-history":[{"count":2,"href":"https:\/\/coiqcv.com\/val\/wp-json\/wp\/v2\/posts\/7043\/revisions"}],"predecessor-version":[{"id":7047,"href":"https:\/\/coiqcv.com\/val\/wp-json\/wp\/v2\/posts\/7043\/revisions\/7047"}],"wp:featuredmedia":[{"embeddable":true,"href":"https:\/\/coiqcv.com\/val\/wp-json\/wp\/v2\/media\/7045"}],"wp:attachment":[{"href":"https:\/\/coiqcv.com\/val\/wp-json\/wp\/v2\/media?parent=7043"}],"wp:term":[{"taxonomy":"category","embeddable":true,"href":"https:\/\/coiqcv.com\/val\/wp-json\/wp\/v2\/categories?post=7043"},{"taxonomy":"post_tag","embeddable":true,"href":"https:\/\/coiqcv.com\/val\/wp-json\/wp\/v2\/tags?post=7043"}],"curies":[{"name":"wp","href":"https:\/\/api.w.org\/{rel}","templated":true}]}}