{"id":6805,"date":"2024-09-28T10:38:51","date_gmt":"2024-09-28T08:38:51","guid":{"rendered":"https:\/\/coiqcv.com\/?p=6805"},"modified":"2024-09-28T10:40:48","modified_gmt":"2024-09-28T08:40:48","slug":"inspire-lab-tu-futuro-en-movimiento-reune-en-la-upv-algunas-de-las-empresas-mas-punteras-del-sector-quimico","status":"publish","type":"post","link":"https:\/\/coiqcv.com\/val\/inspire-lab-tu-futuro-en-movimiento-reune-en-la-upv-algunas-de-las-empresas-mas-punteras-del-sector-quimico\/","title":{"rendered":"INSPIRE LAB, EL TEU FUTUR EN MOVIMENT REUNEIX A LA UPV ALGUNES DE LES EMPRESES M\u00c9S PUNTERES DEL SECTOR QU\u00cdMIC"},"content":{"rendered":"<div data-elementor-type=\"wp-post\" data-elementor-id=\"6805\" class=\"elementor elementor-6805\" data-elementor-post-type=\"post\">\n\t\t\t\t<div data-particle_enable=\"false\" data-particle-mobile-disabled=\"false\" class=\"elementor-element elementor-element-e28390d e-flex e-con-boxed e-con e-parent\" data-id=\"e28390d\" data-element_type=\"container\" data-e-type=\"container\" data-settings=\"{&quot;jet_parallax_layout_list&quot;:[]}\">\n\t\t\t\t\t<div class=\"e-con-inner\">\n\t\t\t\t<div class=\"elementor-element elementor-element-b6150d0 elementor-widget elementor-widget-text-editor\" data-id=\"b6150d0\" data-element_type=\"widget\" data-e-type=\"widget\" data-widget_type=\"text-editor.default\">\n\t\t\t\t<div class=\"elementor-widget-container\">\n\t\t\t\t\t\t\t\t\t<div><div style=\"line-height: 1.4; direction: ltr; margin-left: 0px;\"><p><span style=\"font-size: 16px; color: #000000; letter-spacing: 0em;\">El<\/span><span style=\"font-size: 16px; font-weight: bold; color: #000000; letter-spacing: 0em;\"> COIQCV, ITQ<\/span><span style=\"font-size: 16px; color: #000000; letter-spacing: 0em;\"> e<\/span><span style=\"font-size: 16px; font-weight: bold; color: #000000; letter-spacing: 0em;\"> IVACE+I<\/span><span style=\"font-size: 16px; color: #000000; letter-spacing: 0em;\"> van organitzar dijous passat una nova jornada de l&#039;ITQ INSPIRE LAB, <\/span><span style=\"font-size: 16px; font-style: italic; color: #000000; letter-spacing: 0em;\">\u201cEl teu Futur en Moviment, Possibles sortides professionals\u201d<\/span><span style=\"font-size: 16px; color: #000000; letter-spacing: 0em;\"> dins del pla estrat\u00e8gic d&#039;Excel\u00b7l\u00e8ncia Severo Ochoa que es va celebrar el Sal\u00f3 d&#039;Actes de l&#039;Institut de Biomec\u00e0nica de Val\u00e8ncia (IBV-UPV).<\/span><\/p><\/div><div style=\"line-height: 1.4; direction: ltr; margin-left: 0px;\"><p><span style=\"font-size: 16px; color: #000000; letter-spacing: 0em;\">En aquest f\u00f2rum s&#039;han donat cita algunes de les empreses m\u00e9s reconegudes del sector t\u00e8cnic i investigador, com ara<\/span><span style=\"font-size: 16px; font-weight: bold; color: #000000; letter-spacing: 0em;\"> AIMPLES, IFF<\/span><span style=\"font-size: 16px; color: #000000; letter-spacing: 0em;\">, <\/span><span style=\"font-size: 16px; font-weight: bold; color: #000000; letter-spacing: 0em;\">SPB<\/span><span style=\"font-size: 16px; color: #000000; letter-spacing: 0em;\"> i la <\/span><span style=\"font-size: 16px; font-weight: bold; color: #000000; letter-spacing: 0em;\">QUIMACOVA.<\/span><\/p><\/div><div style=\"line-height: 1.4; direction: ltr; margin-left: 0px;\"><p><span style=\"font-size: 16px; color: #000000; letter-spacing: 0em;\">Les xerrades, han estat enfocades tant a estudiants en els darrers anys de formaci\u00f3 que busquen les seves primeres sortides laborals, com per a joves professionals que busquin fer una volta a la seva carrera i per aix\u00f2 els ponents han ofert diferents enfocaments professionals.\u00a0<\/span><\/p><\/div><\/div>\t\t\t\t\t\t\t\t<\/div>\n\t\t\t\t<\/div>\n\t\t\t\t\t<\/div>\n\t\t\t\t<\/div>\n\t\t<div data-particle_enable=\"false\" data-particle-mobile-disabled=\"false\" class=\"elementor-element elementor-element-07a3fb4 e-grid e-con-boxed e-con e-parent\" data-id=\"07a3fb4\" data-element_type=\"container\" data-e-type=\"container\" data-settings=\"{&quot;jet_parallax_layout_list&quot;:[]}\">\n\t\t\t\t\t<div class=\"e-con-inner\">\n\t\t\t\t<div class=\"elementor-element elementor-element-fd65d4a elementor-widget elementor-widget-image\" data-id=\"fd65d4a\" data-element_type=\"widget\" data-e-type=\"widget\" data-widget_type=\"image.default\">\n\t\t\t\t<div class=\"elementor-widget-container\">\n\t\t\t\t\t\t\t\t\t\t\t\t\t\t\t<img fetchpriority=\"high\" decoding=\"async\" width=\"2048\" height=\"1244\" src=\"https:\/\/coiqcv.com\/wp-content\/uploads\/2024\/09\/DSC00839.jpg\" class=\"attachment-2048x2048 size-2048x2048 wp-image-6808\" alt=\"\" \/>\t\t\t\t\t\t\t\t\t\t\t\t\t\t\t<\/div>\n\t\t\t\t<\/div>\n\t\t\t\t<div class=\"elementor-element elementor-element-aa7ad5a elementor-widget elementor-widget-text-editor\" data-id=\"aa7ad5a\" data-element_type=\"widget\" data-e-type=\"widget\" data-widget_type=\"text-editor.default\">\n\t\t\t\t<div class=\"elementor-widget-container\">\n\t\t\t\t\t\t\t\t\t<div>\n<div style=\"line-height: 1.4; direction: ltr; margin-left: 0px;\">\n\n<span style=\"font-size: 16px; color: #000000; letter-spacing: 0em;\">Claudia Mart\u00ednez Cuenca, coordinadora de projectes de l&#039;IFF, ha comptat a la seva exposici\u00f3 amb un jove equip professional, format per Maria Tejeda Serrano, Amada Masso Ram\u00edrez, T\u00e0nia Ramil Prego, \u00d3scar Garc\u00eda Carmona i Jairo Campo Mart\u00ednez, una variada mostra dels diferents perfils i formacions de la multinacional, que es nodreix tant d&#039;investigadors com t\u00e8cnics.\u00a0<\/span>\n\n<\/div>\n<\/div>\t\t\t\t\t\t\t\t<\/div>\n\t\t\t\t<\/div>\n\t\t\t\t\t<\/div>\n\t\t\t\t<\/div>\n\t\t<div data-particle_enable=\"false\" data-particle-mobile-disabled=\"false\" class=\"elementor-element elementor-element-ef6c5a4 e-flex e-con-boxed e-con e-parent\" data-id=\"ef6c5a4\" data-element_type=\"container\" data-e-type=\"container\" data-settings=\"{&quot;jet_parallax_layout_list&quot;:[]}\">\n\t\t\t\t\t<div class=\"e-con-inner\">\n\t\t\t\t<div class=\"elementor-element elementor-element-f210159 elementor-widget elementor-widget-text-editor\" data-id=\"f210159\" data-element_type=\"widget\" data-e-type=\"widget\" data-widget_type=\"text-editor.default\">\n\t\t\t\t<div class=\"elementor-widget-container\">\n\t\t\t\t\t\t\t\t\t<div><div style=\"line-height: 1.4; direction: ltr; margin-left: 0px;\"><p><span style=\"font-size: 16px; color: #000000; letter-spacing: 0em;\">Mart\u00ednez i el seu equip, tant a la seva primera intervenci\u00f3 com a la posterior taula rodona, han destacat que l&#039;empresa amb seu a Benicarl\u00f3, per les seves caracter\u00edstiques i els diferents treballs que realitzen que van des d&#039;alimentaci\u00f3 fins a la gesti\u00f3 del delivery dels medicaments, passant per la recerca de frag\u00e0ncies per a una infinitat de productes, empren perfils molt diferents, des dels m\u00e9s t\u00e8cnics fins a posicions amb formacions m\u00e9s espec\u00edfiques, com a investigadors.\u00a0<\/span><\/p><\/div><\/div>\t\t\t\t\t\t\t\t<\/div>\n\t\t\t\t<\/div>\n\t\t\t\t\t<\/div>\n\t\t\t\t<\/div>\n\t\t<div data-particle_enable=\"false\" data-particle-mobile-disabled=\"false\" class=\"elementor-element elementor-element-a1fa574 e-grid e-con-boxed e-con e-parent\" data-id=\"a1fa574\" data-element_type=\"container\" data-e-type=\"container\" data-settings=\"{&quot;jet_parallax_layout_list&quot;:[]}\">\n\t\t\t\t\t<div class=\"e-con-inner\">\n\t\t\t\t<div class=\"elementor-element elementor-element-b725d82 elementor-widget elementor-widget-text-editor\" data-id=\"b725d82\" data-element_type=\"widget\" data-e-type=\"widget\" data-widget_type=\"text-editor.default\">\n\t\t\t\t<div class=\"elementor-widget-container\">\n\t\t\t\t\t\t\t\t\t<div>\n<div style=\"line-height: 1.4; direction: ltr; margin-left: 0px;\">\n\n<span style=\"font-size: 16px; color: #000000; letter-spacing: 0em;\">AIMPLAS per part seva ha estat representada per Joseph Quimbiamba Cardona, de People and Culture, responsables de la captaci\u00f3 de talent per a l&#039;Institut del Pl\u00e0stic. L&#039;especialista de recursos humans ha destacat que estan en creixement continu, i que els propers anys s&#039;espera arribar a duplicar la plantilla actual.<\/span>\n\n<\/div>\n<\/div>\t\t\t\t\t\t\t\t<\/div>\n\t\t\t\t<\/div>\n\t\t\t\t<div class=\"elementor-element elementor-element-5059d56 elementor-widget elementor-widget-image\" data-id=\"5059d56\" data-element_type=\"widget\" data-e-type=\"widget\" data-widget_type=\"image.default\">\n\t\t\t\t<div class=\"elementor-widget-container\">\n\t\t\t\t\t\t\t\t\t\t\t\t\t\t\t<img decoding=\"async\" width=\"800\" height=\"533\" src=\"https:\/\/coiqcv.com\/wp-content\/uploads\/2024\/09\/DSC00877.jpg\" class=\"attachment-large size-large wp-image-6809\" alt=\"\" \/>\t\t\t\t\t\t\t\t\t\t\t\t\t\t\t<\/div>\n\t\t\t\t<\/div>\n\t\t\t\t\t<\/div>\n\t\t\t\t<\/div>\n\t\t<div data-particle_enable=\"false\" data-particle-mobile-disabled=\"false\" class=\"elementor-element elementor-element-c64bec1 e-flex e-con-boxed e-con e-parent\" data-id=\"c64bec1\" data-element_type=\"container\" data-e-type=\"container\" data-settings=\"{&quot;jet_parallax_layout_list&quot;:[]}\">\n\t\t\t\t\t<div class=\"e-con-inner\">\n\t\t\t\t<div class=\"elementor-element elementor-element-ca4e240 elementor-widget elementor-widget-text-editor\" data-id=\"ca4e240\" data-element_type=\"widget\" data-e-type=\"widget\" data-widget_type=\"text-editor.default\">\n\t\t\t\t<div class=\"elementor-widget-container\">\n\t\t\t\t\t\t\t\t\t<div>\n<div style=\"line-height: 1.4; direction: ltr; margin-left: 0px;\">\n\n<span style=\"font-size: 16px; color: #000000; letter-spacing: 0em;\">Serveis tecnol\u00f2gics, formaci\u00f3 cont\u00ednua i, R+D+I s\u00f3n les senyes d&#039;identitat d&#039;AIMPLAS, que aconsegueixen mantenir gran part dels seus becats com a treballadors mentre desenvolupen la seva carrera professional.<\/span>\n\n<\/div>\n<\/div>\t\t\t\t\t\t\t\t<\/div>\n\t\t\t\t<\/div>\n\t\t\t\t\t<\/div>\n\t\t\t\t<\/div>\n\t\t<div data-particle_enable=\"false\" data-particle-mobile-disabled=\"false\" class=\"elementor-element elementor-element-cc95f95 e-grid e-con-boxed e-con e-parent\" data-id=\"cc95f95\" data-element_type=\"container\" data-e-type=\"container\" data-settings=\"{&quot;jet_parallax_layout_list&quot;:[]}\">\n\t\t\t\t\t<div class=\"e-con-inner\">\n\t\t\t\t<div class=\"elementor-element elementor-element-46e4acf elementor-widget elementor-widget-image\" data-id=\"46e4acf\" data-element_type=\"widget\" data-e-type=\"widget\" data-widget_type=\"image.default\">\n\t\t\t\t<div class=\"elementor-widget-container\">\n\t\t\t\t\t\t\t\t\t\t\t\t\t\t\t<img decoding=\"async\" width=\"800\" height=\"533\" src=\"https:\/\/coiqcv.com\/wp-content\/uploads\/2024\/09\/DSC00916.jpg\" class=\"attachment-large size-large wp-image-6810\" alt=\"\" \/>\t\t\t\t\t\t\t\t\t\t\t\t\t\t\t<\/div>\n\t\t\t\t<\/div>\n\t\t\t\t<div class=\"elementor-element elementor-element-a0c4492 elementor-widget elementor-widget-text-editor\" data-id=\"a0c4492\" data-element_type=\"widget\" data-e-type=\"widget\" data-widget_type=\"text-editor.default\">\n\t\t\t\t<div class=\"elementor-widget-container\">\n\t\t\t\t\t\t\t\t\t<div>\n<div style=\"line-height: 1.4; direction: ltr; margin-left: 0px;\">\n\n<span style=\"font-size: 16px; color: #000000; letter-spacing: 0em;\">\nLa darrera empresa que ha participat en aquesta jornada ha estat SPB, la valenciana amb seu principal a Cheste. Com a representant d&#039;aquesta, la Maria de Lasa, responsable de RRHH, ha estat l&#039;encarregada de donar pinzellades del negoci responsable de la creaci\u00f3 de productes de neteja de la llar, industrial i higiene personal.\u00a0<\/span>\n\n<\/div>\n<\/div>\t\t\t\t\t\t\t\t<\/div>\n\t\t\t\t<\/div>\n\t\t\t\t\t<\/div>\n\t\t\t\t<\/div>\n\t\t<div data-particle_enable=\"false\" data-particle-mobile-disabled=\"false\" class=\"elementor-element elementor-element-7bbd394 e-flex e-con-boxed e-con e-parent\" data-id=\"7bbd394\" data-element_type=\"container\" data-e-type=\"container\" data-settings=\"{&quot;jet_parallax_layout_list&quot;:[]}\">\n\t\t\t\t\t<div class=\"e-con-inner\">\n\t\t\t\t<div class=\"elementor-element elementor-element-1702382 elementor-widget elementor-widget-text-editor\" data-id=\"1702382\" data-element_type=\"widget\" data-e-type=\"widget\" data-widget_type=\"text-editor.default\">\n\t\t\t\t<div class=\"elementor-widget-container\">\n\t\t\t\t\t\t\t\t\t<div>\n<div style=\"line-height: 1.4; direction: ltr; margin-left: 0px;\">\n\n<span style=\"font-size: 16px; color: #000000; letter-spacing: 0em;\">A la presentaci\u00f3, s&#039;ha volgut destacar que, l&#039;empresa valenciana t\u00e9 com a l\u00ednia empresarial la cura del talent, dels seus treballadors, i, per aix\u00f2, realitzen, des d&#039;accions de proximitat, formacions cont\u00ednues, i fins i tot, activitats de benestar f\u00edsic i mental.<\/span>\n<div>\n<div>\n<div>\n<div style=\"line-height: 1.4; direction: ltr; margin-left: 0px;\">\n\n<span style=\"font-size: 16px; color: #000000; letter-spacing: 0em;\"> Tal com ha explicat De Lasa, a SPB busquen, no nom\u00e9s professionals amb formacions espec\u00edfiques, sin\u00f3 amb una s\u00e8rie de compet\u00e8ncies b\u00e0siques per a ells, com \u00e9s l&#039;agilitat a aconseguir posar en marxa processos, i solucionar problemes; la innovaci\u00f3 en els productes, b\u00e0sica perqu\u00e8, empreses del sector neteja aconsegueixin nous productes o formats; el rigor, de fer el que cal, per\u00f2 tamb\u00e9 el que es promet; i finalment l&#039;orientaci\u00f3 al client, tenir la capacitat de con\u00e8ixer all\u00f2 que el client, intern o extern, necessiten.<\/span>\n\n<\/div>\n<\/div>\n<\/div>\n<\/div>\n<\/div>\n<\/div>\t\t\t\t\t\t\t\t<\/div>\n\t\t\t\t<\/div>\n\t\t\t\t\t<\/div>\n\t\t\t\t<\/div>\n\t\t<div data-particle_enable=\"false\" data-particle-mobile-disabled=\"false\" class=\"elementor-element elementor-element-0f74c08 e-flex e-con-boxed e-con e-parent\" data-id=\"0f74c08\" data-element_type=\"container\" data-e-type=\"container\" data-settings=\"{&quot;jet_parallax_layout_list&quot;:[]}\">\n\t\t\t\t\t<div class=\"e-con-inner\">\n\t\t\t\t<div class=\"elementor-element elementor-element-cf5f4d1 elementor-widget elementor-widget-text-editor\" data-id=\"cf5f4d1\" data-element_type=\"widget\" data-e-type=\"widget\" data-widget_type=\"text-editor.default\">\n\t\t\t\t<div class=\"elementor-widget-container\">\n\t\t\t\t\t\t\t\t\t<blockquote><p>\u00abSPB busca i refor\u00e7a en els treballadors una s\u00e8rie de valors, l&#039;agilitat, la innovaci\u00f3, el rigor i l&#039;orientaci\u00f3 al client en tots els seus llocs\u00bb<\/p><\/blockquote>\t\t\t\t\t\t\t\t<\/div>\n\t\t\t\t<\/div>\n\t\t\t\t\t<\/div>\n\t\t\t\t<\/div>\n\t\t<div data-particle_enable=\"false\" data-particle-mobile-disabled=\"false\" class=\"elementor-element elementor-element-95889d2 e-flex e-con-boxed e-con e-parent\" data-id=\"95889d2\" data-element_type=\"container\" data-e-type=\"container\" data-settings=\"{&quot;jet_parallax_layout_list&quot;:[]}\">\n\t\t\t\t\t<div class=\"e-con-inner\">\n\t\t\t\t<div class=\"elementor-element elementor-element-13adf8a elementor-widget elementor-widget-text-editor\" data-id=\"13adf8a\" data-element_type=\"widget\" data-e-type=\"widget\" data-widget_type=\"text-editor.default\">\n\t\t\t\t<div class=\"elementor-widget-container\">\n\t\t\t\t\t\t\t\t\t<div>\n<div style=\"line-height: 1.4; direction: ltr; margin-left: 0px;\">\n\n<span style=\"font-size: 16px; color: #000000; letter-spacing: 0em;\">\nUn altre punt per tenir en compte \u00e9s el proc\u00e9s de selecci\u00f3 intern d&#039;empresa, ja que, com ha comentat De Lasa, RRHH \u00e9s el primer filtre per veure si es compleixen les formacions necess\u00e0ries i es tenen habilitats per al lloc. Un cop fet aix\u00f2, hi ha un filtre, amb una entrevista per compet\u00e8ncies, amb una persona experta al lloc, que comprova el coneixement d&#039;aquest del candidat i la capacitat de resposta per als inconvenients.<\/span>\n\n<\/div>\n<\/div>\t\t\t\t\t\t\t\t<\/div>\n\t\t\t\t<\/div>\n\t\t\t\t\t<\/div>\n\t\t\t\t<\/div>\n\t\t<div data-particle_enable=\"false\" data-particle-mobile-disabled=\"false\" class=\"elementor-element elementor-element-caec837 e-grid e-con-boxed e-con e-parent\" data-id=\"caec837\" data-element_type=\"container\" data-e-type=\"container\" data-settings=\"{&quot;jet_parallax_layout_list&quot;:[]}\">\n\t\t\t\t\t<div class=\"e-con-inner\">\n\t\t\t\t<div class=\"elementor-element elementor-element-9e46e8d elementor-widget elementor-widget-text-editor\" data-id=\"9e46e8d\" data-element_type=\"widget\" data-e-type=\"widget\" data-widget_type=\"text-editor.default\">\n\t\t\t\t<div class=\"elementor-widget-container\">\n\t\t\t\t\t\t\t\t\t<div>\n<div style=\"line-height: 1.4; direction: ltr; margin-left: 0px;\">\n\n<span style=\"font-size: 16px; color: #000000; letter-spacing: 0em;\">Per tancar la jornada es va comptar amb Jes\u00fas Carretero, Director de Quimacova que, ha explicat que les empreses actualment, quan busquen un professional format, ja no es tanquen els llocs a carreres espec\u00edfiques, sin\u00f3 que, dins de tota una formaci\u00f3 af\u00ed ho que fa destacar les persones s\u00f3n les soft skills, els coneixements de digitalitzaci\u00f3, la capacitat de pensament cr\u00edtic i adaptaci\u00f3, la creativitat i agilitat en la presa de decisions, i, fonamentalment, el treball en equip.<\/span>\n\n<\/div>\n<\/div>\t\t\t\t\t\t\t\t<\/div>\n\t\t\t\t<\/div>\n\t\t\t\t<div class=\"elementor-element elementor-element-2f854ef elementor-widget elementor-widget-image\" data-id=\"2f854ef\" data-element_type=\"widget\" data-e-type=\"widget\" data-widget_type=\"image.default\">\n\t\t\t\t<div class=\"elementor-widget-container\">\n\t\t\t\t\t\t\t\t\t\t\t\t\t\t\t<img loading=\"lazy\" decoding=\"async\" width=\"2048\" height=\"1365\" src=\"https:\/\/coiqcv.com\/wp-content\/uploads\/2024\/09\/DSC00949.jpg\" class=\"attachment-2048x2048 size-2048x2048 wp-image-6811\" alt=\"\" \/>\t\t\t\t\t\t\t\t\t\t\t\t\t\t\t<\/div>\n\t\t\t\t<\/div>\n\t\t\t\t\t<\/div>\n\t\t\t\t<\/div>\n\t\t<div data-particle_enable=\"false\" data-particle-mobile-disabled=\"false\" class=\"elementor-element elementor-element-5d4cc77 e-flex e-con-boxed e-con e-parent\" data-id=\"5d4cc77\" data-element_type=\"container\" data-e-type=\"container\" data-settings=\"{&quot;jet_parallax_layout_list&quot;:[]}\">\n\t\t\t\t\t<div class=\"e-con-inner\">\n\t\t\t\t<div class=\"elementor-element elementor-element-1d9928a elementor-widget elementor-widget-text-editor\" data-id=\"1d9928a\" data-element_type=\"widget\" data-e-type=\"widget\" data-widget_type=\"text-editor.default\">\n\t\t\t\t<div class=\"elementor-widget-container\">\n\t\t\t\t\t\t\t\t\t<div>\n<div style=\"line-height: 1.4; direction: ltr; margin-left: 0px;\">\n\n<span style=\"font-size: 16px; color: #000000; letter-spacing: 0em;\">\n\nCarretero, tamb\u00e9 ha destacat que els llocs m\u00e9s buscats actualment s\u00f3n biotecn\u00f2legs, bioqu\u00edmics, ci\u00e8ncies ambientals, toxic\u00f2legs, farmac\u00e8utics industrials, qu\u00edmics i enginyers qu\u00edmics.\n\n<\/div>\n<\/div>\t\t\t\t\t\t\t\t<\/div>\n\t\t\t\t<\/div>\n\t\t\t\t\t<\/div>\n\t\t\t\t<\/div>\n\t\t<div data-particle_enable=\"false\" data-particle-mobile-disabled=\"false\" class=\"elementor-element elementor-element-794a8e5 e-flex e-con-boxed e-con e-parent\" data-id=\"794a8e5\" data-element_type=\"container\" data-e-type=\"container\" data-settings=\"{&quot;jet_parallax_layout_list&quot;:[]}\">\n\t\t\t\t\t<div class=\"e-con-inner\">\n\t\t\t\t<div class=\"elementor-element elementor-element-951f1e3 elementor-widget elementor-widget-image\" data-id=\"951f1e3\" data-element_type=\"widget\" data-e-type=\"widget\" data-widget_type=\"image.default\">\n\t\t\t\t<div class=\"elementor-widget-container\">\n\t\t\t\t\t\t\t\t\t\t\t\t\t\t\t<img loading=\"lazy\" decoding=\"async\" width=\"800\" height=\"533\" src=\"https:\/\/coiqcv.com\/wp-content\/uploads\/2024\/09\/DSC00981.jpg\" class=\"attachment-large size-large wp-image-6816\" alt=\"\" \/>\t\t\t\t\t\t\t\t\t\t\t\t\t\t\t<\/div>\n\t\t\t\t<\/div>\n\t\t\t\t\t<\/div>\n\t\t\t\t<\/div>\n\t\t<div data-particle_enable=\"false\" data-particle-mobile-disabled=\"false\" class=\"elementor-element elementor-element-e79b070 e-flex e-con-boxed e-con e-parent\" data-id=\"e79b070\" data-element_type=\"container\" data-e-type=\"container\" data-settings=\"{&quot;jet_parallax_layout_list&quot;:[]}\">\n\t\t\t\t\t<div class=\"e-con-inner\">\n\t\t\t\t<div class=\"elementor-element elementor-element-ce011db elementor-widget elementor-widget-text-editor\" data-id=\"ce011db\" data-element_type=\"widget\" data-e-type=\"widget\" data-widget_type=\"text-editor.default\">\n\t\t\t\t<div class=\"elementor-widget-container\">\n\t\t\t\t\t\t\t\t\t<div>\n<div style=\"line-height: 1.4; direction: ltr; margin-left: 0px;\"><span style=\"font-size: 16px; color: #000000; letter-spacing: 0em;\">Un punt que han destacat tots els participants \u00e9s que, les empreses des del COVID s&#039;estan adaptant a marxes for\u00e7ades, i ja no s&#039;ent\u00e9n una feina sense flexibilitat, i fins i tot teletreball, sempre que sigui possible, ja que la felicitat de les persones aconsegueix que tinguin un millor rendiment laboral. <\/span><\/div>\n<div>\n<div style=\"line-height: 1.4; direction: ltr; margin-left: 0px;\"><span style=\"font-size: 16px; color: #000000; letter-spacing: 0em;\">\nFinalment, han explicat que, segons el lloc a qu\u00e8 s&#039;opta la presentaci\u00f3 \u00e9s diferent, ja que, mentre els llocs de m\u00e9s formaci\u00f3 com a investigaci\u00f3 \u00e9s necess\u00e0ria la carta de presentaci\u00f3, per a molts altres no, sent tan sols el 30% de l&#039;impacte curr\u00edculum, ja que fonamental \u00e9s l&#039;entrevista i totes les capacitats demostrades.<\/div>\n<\/div>\t\t\t\t\t\t\t\t<\/div>\n\t\t\t\t<\/div>\n\t\t\t\t\t<\/div>\n\t\t\t\t<\/div>\n\t\t\t\t<\/div>","protected":false},"excerpt":{"rendered":"<p>El COIQCV, ITQ e IVACE+I organizaron el pasado jueves una nueva jornada del ITQ INSPIRE LAB, \u201cTu Futuro en Movimiento, Posibles salidas profesionales\u201d dentro del plan estrat\u00e9gico de Excelencia Severo Ochoa que se celebr\u00f3 el Sal\u00f3n de Actos del Instituto de Biomec\u00e1nica de Val\u00e8ncia (IBV-UPV). En este foro se han dado cita algunas de las [&hellip;]<\/p>\n","protected":false},"author":1,"featured_media":6807,"comment_status":"closed","ping_status":"closed","sticky":false,"template":"","format":"standard","meta":{"_monsterinsights_skip_tracking":false,"_monsterinsights_sitenote_active":false,"_monsterinsights_sitenote_note":"","_monsterinsights_sitenote_category":0,"_uf_show_specific_survey":0,"_uf_disable_surveys":false,"footnotes":""},"categories":[1,16,10],"tags":[],"class_list":["post-6805","post","type-post","status-publish","format-standard","has-post-thumbnail","hentry","category-coiqcv","category-eventos","category-quimacova"],"aioseo_notices":[],"_links":{"self":[{"href":"https:\/\/coiqcv.com\/val\/wp-json\/wp\/v2\/posts\/6805","targetHints":{"allow":["GET"]}}],"collection":[{"href":"https:\/\/coiqcv.com\/val\/wp-json\/wp\/v2\/posts"}],"about":[{"href":"https:\/\/coiqcv.com\/val\/wp-json\/wp\/v2\/types\/post"}],"author":[{"embeddable":true,"href":"https:\/\/coiqcv.com\/val\/wp-json\/wp\/v2\/users\/1"}],"replies":[{"embeddable":true,"href":"https:\/\/coiqcv.com\/val\/wp-json\/wp\/v2\/comments?post=6805"}],"version-history":[{"count":10,"href":"https:\/\/coiqcv.com\/val\/wp-json\/wp\/v2\/posts\/6805\/revisions"}],"predecessor-version":[{"id":6827,"href":"https:\/\/coiqcv.com\/val\/wp-json\/wp\/v2\/posts\/6805\/revisions\/6827"}],"wp:featuredmedia":[{"embeddable":true,"href":"https:\/\/coiqcv.com\/val\/wp-json\/wp\/v2\/media\/6807"}],"wp:attachment":[{"href":"https:\/\/coiqcv.com\/val\/wp-json\/wp\/v2\/media?parent=6805"}],"wp:term":[{"taxonomy":"category","embeddable":true,"href":"https:\/\/coiqcv.com\/val\/wp-json\/wp\/v2\/categories?post=6805"},{"taxonomy":"post_tag","embeddable":true,"href":"https:\/\/coiqcv.com\/val\/wp-json\/wp\/v2\/tags?post=6805"}],"curies":[{"name":"wp","href":"https:\/\/api.w.org\/{rel}","templated":true}]}}