{"id":6217,"date":"2024-07-09T10:17:15","date_gmt":"2024-07-09T08:17:15","guid":{"rendered":"https:\/\/coiqcv.com\/?p=6217"},"modified":"2024-07-09T10:24:20","modified_gmt":"2024-07-09T08:24:20","slug":"clausura-de-los-masteres-universitarios-aidimme-ucv-2023-2024-una-celebracion-del-exito-colaborativo","status":"publish","type":"post","link":"https:\/\/coiqcv.com\/val\/clausura-de-los-masteres-universitarios-aidimme-ucv-2023-2024-una-celebracion-del-exito-colaborativo\/","title":{"rendered":"Clausura dels M\u00e0sters Universitaris AIDIMME-UCV 2023-2024: Una Celebraci\u00f3 de l&#039;\u00c8xit Col\u00b7laboratiu"},"content":{"rendered":"<div data-elementor-type=\"wp-post\" data-elementor-id=\"6217\" class=\"elementor elementor-6217\" data-elementor-post-type=\"post\">\n\t\t\t\t<div data-particle_enable=\"false\" data-particle-mobile-disabled=\"false\" class=\"elementor-element elementor-element-5245613 e-flex e-con-boxed e-con e-parent\" data-id=\"5245613\" data-element_type=\"container\" data-e-type=\"container\" data-settings=\"{&quot;jet_parallax_layout_list&quot;:[]}\">\n\t\t\t\t\t<div class=\"e-con-inner\">\n\t\t\t\t<div class=\"elementor-element elementor-element-29e6305 elementor-widget elementor-widget-text-editor\" data-id=\"29e6305\" data-element_type=\"widget\" data-e-type=\"widget\" data-widget_type=\"text-editor.default\">\n\t\t\t\t<div class=\"elementor-widget-container\">\n\t\t\t\t\t\t\t\t\t<p>El passat dijous 27 de juny, el <a href=\"https:\/\/www.aidimme.es\/\" target=\"_blank\" rel=\"noopener\">Institut Tecnol\u00f2gic AIDIMME<\/a> i la <a href=\"https:\/\/www.ucv.es\/oferta-academica\/facultades\/facultad-de-psicologia\/grado-en-logopedia?gad_source=1&amp;gclid=Cj0KCQjwv7O0BhDwARIsAC0sjWPA5p91ckEsl1uKMQUUjtwzjxvDXDt_gKwg6oKQ_x6jWyLoFYoaMgkaAvjtEALw_wcB\">Universitat Cat\u00f2lica de Val\u00e8ncia Sant Vicent M\u00e0rtir (UCV)<\/a> van clausurar els seus M\u00e0sters Universitaris per a l&#039;edici\u00f3 2023-2024 en un esdeveniment que va reunir m\u00e9s de 150 persones al sal\u00f3 d&#039;actes de la Seu de Santa \u00darsula de la UCV. La cerim\u00f2nia va comptar amb la pres\u00e8ncia de representants destacats d&#039;empreses, col\u00b7legis professionals i associacions empresarials que han col\u00b7laborat en el desenvolupament dels programes acad\u00e8mics.<\/p>\n<p>L\u00b4acte va ser presidit pel Vicerector d\u00b4Ordenaci\u00f3 Acad\u00e8mica i Professorat de la UCV, Luis Miguel Esteban, i pel President d\u00b4AIDIMME, Fernando Saludes. Entre els assistents, hi havia presidents i secretaris generals d&#039;algunes de les principals federacions empresarials de la Comunitat Valenciana, com FEMEVAL (metall de Val\u00e8ncia), FEVAMA (fusta i moble de la Comunitat Valenciana), REDIT (instituts tecnol\u00f2gics de la Comunitat Valenciana) , aix\u00ed com representants de col\u00b7legis professionals, incloent-hi el Col\u00b7legi Oficial d&#039;Enginyers Qu\u00edmics de la Comunitat Valenciana (COIQCV).<\/p>\n<p>El <a href=\"http:\/\/coiqcv.com\/val\/\">COIQCV<\/a>, representat pel seu gerent, Noelia Sope\u00f1a, va tenir l&#039;honor de ser convidat i reconegut a l&#039;esdeveniment, subratllant aix\u00ed el seu comprom\u00eds i col\u00b7laboraci\u00f3 amb els programes formatius que promouen el desenvolupament de futurs professionals a la regi\u00f3. La participaci\u00f3 de COIQCV a la clausura ressalta la import\u00e0ncia de la cooperaci\u00f3 entre institucions acad\u00e8miques i el sector professional per oferir una formaci\u00f3 d&#039;alta qualitat i rellev\u00e0ncia pr\u00e0ctica.<\/p>\n<p>L&#039;esdeveniment no nom\u00e9s va celebrar l&#039;\u00e8xit acad\u00e8mic dels estudiants, sin\u00f3 tamb\u00e9 la col\u00b7laboraci\u00f3 valuosa de les cinquanta-cinc empreses i entitats que han contribu\u00eft al llarg del curs 2023-2024. Aquesta sinergia ha estat clau per proporcionar una formaci\u00f3 integral i aplicada, preparant els graduats per enfrontar els desafiaments del m\u00f3n laboral amb habilitats i coneixements actualitzats.<\/p>\n<p>La cloenda dels M\u00e0sters Universitaris AIDIMME-UCV 2023-2024 reafirma el comprom\u00eds continu de les dues institucions en la formaci\u00f3 de professionals altament qualificats, i la col\u00b7laboraci\u00f3 amb entitats com COIQCV \u00e9s fonamental per assolir aquest objectiu. La cerim\u00f2nia va concloure amb paraules d&#039;agra\u00efment i reconeixement a tots els participants, i va destacar la import\u00e0ncia de continuar enfortint aquests lla\u00e7os col\u00b7laboratius en futures edicions.&nbsp;<\/p>\t\t\t\t\t\t\t\t<\/div>\n\t\t\t\t<\/div>\n\t\t\t\t\t<\/div>\n\t\t\t\t<\/div>\n\t\t\t\t<\/div>","protected":false},"excerpt":{"rendered":"<p>El pasado jueves 27 de junio, el Instituto Tecnol\u00f3gico AIDIMME y la Universidad Cat\u00f3lica de Valencia San Vicente M\u00e1rtir (UCV) clausuraron sus M\u00e1steres Universitarios para la edici\u00f3n 2023-2024 en un evento que reuni\u00f3 a m\u00e1s de 150 personas en el sal\u00f3n de actos de la Sede de Santa \u00darsula de la UCV. La ceremonia cont\u00f3 [&hellip;]<\/p>\n","protected":false},"author":1,"featured_media":6220,"comment_status":"closed","ping_status":"closed","sticky":false,"template":"","format":"standard","meta":{"_monsterinsights_skip_tracking":false,"_monsterinsights_sitenote_active":false,"_monsterinsights_sitenote_note":"","_monsterinsights_sitenote_category":0,"_uf_show_specific_survey":0,"_uf_disable_surveys":false,"footnotes":""},"categories":[1],"tags":[],"class_list":["post-6217","post","type-post","status-publish","format-standard","has-post-thumbnail","hentry","category-coiqcv"],"aioseo_notices":[],"_links":{"self":[{"href":"https:\/\/coiqcv.com\/val\/wp-json\/wp\/v2\/posts\/6217","targetHints":{"allow":["GET"]}}],"collection":[{"href":"https:\/\/coiqcv.com\/val\/wp-json\/wp\/v2\/posts"}],"about":[{"href":"https:\/\/coiqcv.com\/val\/wp-json\/wp\/v2\/types\/post"}],"author":[{"embeddable":true,"href":"https:\/\/coiqcv.com\/val\/wp-json\/wp\/v2\/users\/1"}],"replies":[{"embeddable":true,"href":"https:\/\/coiqcv.com\/val\/wp-json\/wp\/v2\/comments?post=6217"}],"version-history":[{"count":7,"href":"https:\/\/coiqcv.com\/val\/wp-json\/wp\/v2\/posts\/6217\/revisions"}],"predecessor-version":[{"id":6226,"href":"https:\/\/coiqcv.com\/val\/wp-json\/wp\/v2\/posts\/6217\/revisions\/6226"}],"wp:featuredmedia":[{"embeddable":true,"href":"https:\/\/coiqcv.com\/val\/wp-json\/wp\/v2\/media\/6220"}],"wp:attachment":[{"href":"https:\/\/coiqcv.com\/val\/wp-json\/wp\/v2\/media?parent=6217"}],"wp:term":[{"taxonomy":"category","embeddable":true,"href":"https:\/\/coiqcv.com\/val\/wp-json\/wp\/v2\/categories?post=6217"},{"taxonomy":"post_tag","embeddable":true,"href":"https:\/\/coiqcv.com\/val\/wp-json\/wp\/v2\/tags?post=6217"}],"curies":[{"name":"wp","href":"https:\/\/api.w.org\/{rel}","templated":true}]}}