{"id":5429,"date":"2024-04-18T15:14:44","date_gmt":"2024-04-18T13:14:44","guid":{"rendered":"https:\/\/coiqcv.com\/?p=5429"},"modified":"2024-04-18T15:18:02","modified_gmt":"2024-04-18T13:18:02","slug":"sostenibilidad-e-innovacion-redefinen-la-construccion-en-construmat-2024","status":"publish","type":"post","link":"https:\/\/coiqcv.com\/val\/sostenibilidad-e-innovacion-redefinen-la-construccion-en-construmat-2024\/","title":{"rendered":"Sostenibilitat i innovaci\u00f3 redefineixen la construcci\u00f3 a Construmat 2024"},"content":{"rendered":"<div data-elementor-type=\"wp-post\" data-elementor-id=\"5429\" class=\"elementor elementor-5429\" data-elementor-post-type=\"post\">\n\t\t\t\t<div data-particle_enable=\"false\" data-particle-mobile-disabled=\"false\" class=\"elementor-element elementor-element-7f77fa0 e-flex e-con-boxed e-con e-parent\" data-id=\"7f77fa0\" data-element_type=\"container\" data-e-type=\"container\" data-settings=\"{&quot;jet_parallax_layout_list&quot;:[]}\">\n\t\t\t\t\t<div class=\"e-con-inner\">\n\t\t\t\t<div class=\"elementor-element elementor-element-6055799 elementor-widget elementor-widget-text-editor\" data-id=\"6055799\" data-element_type=\"widget\" data-e-type=\"widget\" data-widget_type=\"text-editor.default\">\n\t\t\t\t<div class=\"elementor-widget-container\">\n\t\t\t\t\t\t\t\t\t<p class=\"Leaddelanota\">Que la <strong>Enginyeria Qu\u00edmica<\/strong> i el sector de la <strong>Construcci\u00f3<\/strong> estan estretament interconnectats, \u00e9s una cosa innegable.<br \/>Treballem per desenvolupar materials innovadors, processos eficients i solucions sostenibles que impulsen el progr\u00e9s i la qualitat a la ind\u00fastria de la construcci\u00f3.<span style=\"color: var( --e-global-color-text ); text-align: var(--text-align);\">\u00a0<\/span><\/p><p class=\"Leaddelanota\">Gran nombre de professionals de la IQ desenvolupen les seves compet\u00e8ncies en aquest sector i, per aix\u00f2, <strong>CO<span style=\"color: #c80028;\">IQ<\/span>CV<\/strong> se suma com a partner a <a href=\"https:\/\/www.construmat.com\/\" target=\"_blank\" rel=\"noopener\"><strong>Construmat<\/strong><\/a>, representant la <strong>professi\u00f3 IQ<\/strong> en aquest ecosistema industrial i donant visibilitat a la nostra aportaci\u00f3 als projectes i iniciatives m\u00e9s transformadores d&#039;aquesta ind\u00fastria.<\/p><p class=\"Leaddelanota\">Les nostres col\u00b7legiades disposen de <strong>acreditacions gratu\u00eftes*<\/strong> com a visitants professionals.\u00a0<\/p><p class=\"Leaddelanota\">Inclouen l\u00b4acc\u00e9s 3 dies a Construmat amb horari de 9:30 a 18:00h:<\/p><ul><li>Acc\u00e9s a la zona expositiva del sal\u00f3<\/li><li>Acc\u00e9s al Congr\u00e9s on podr\u00e0s con\u00e8ixer les iniciatives m\u00e9s transformadores del sector<\/li><li>Acc\u00e9s a l&#039;\u00c0rea de Workshop ia totes les jornades t\u00e8cniques.<\/li><li>Acc\u00e9s a l&#039;\u00e0rea de construcci\u00f3 amb fusta<\/li><\/ul>\t\t\t\t\t\t\t\t<\/div>\n\t\t\t\t<\/div>\n\t\t\t\t<div class=\"elementor-element elementor-element-5133253 elementor-widget-divider--view-line_text elementor-widget-divider--element-align-center elementor-widget elementor-widget-divider\" data-id=\"5133253\" data-element_type=\"widget\" data-e-type=\"widget\" data-widget_type=\"divider.default\">\n\t\t\t\t<div class=\"elementor-widget-container\">\n\t\t\t\t\t\t\t<div class=\"elementor-divider\">\n\t\t\t<span class=\"elementor-divider-separator\">\n\t\t\t\t\t\t\t<span class=\"elementor-divider__text elementor-divider__element\">\n\t\t\t\t* Registre al link del banner amb el codi PARTNER2024.\u00a0\t\t\t\t<\/span>\n\t\t\t\t\t\t<\/span>\n\t\t<\/div>\n\t\t\t\t\t\t<\/div>\n\t\t\t\t<\/div>\n\t\t\t\t<div class=\"elementor-element elementor-element-62cf8dc elementor-widget elementor-widget-image\" data-id=\"62cf8dc\" data-element_type=\"widget\" data-e-type=\"widget\" data-widget_type=\"image.default\">\n\t\t\t\t<div class=\"elementor-widget-container\">\n\t\t\t\t\t\t\t\t\t\t\t\t\t\t\t\t<a href=\"https:\/\/registration.firabarcelona.com\/?cod_promh=bKGjtguvk6#\/tickets\/selection-list\" target=\"_blank\">\n\t\t\t\t\t\t\t<img fetchpriority=\"high\" decoding=\"async\" width=\"800\" height=\"74\" src=\"https:\/\/coiqcv.com\/wp-content\/uploads\/2024\/04\/banner_970x90_es.gif\" class=\"attachment-large size-large wp-image-5433\" alt=\"\" \/>\t\t\t\t\t\t\t\t<\/a>\n\t\t\t\t\t\t\t\t\t\t\t\t\t\t\t<\/div>\n\t\t\t\t<\/div>\n\t\t\t\t\t<\/div>\n\t\t\t\t<\/div>\n\t\t<div data-particle_enable=\"false\" data-particle-mobile-disabled=\"false\" class=\"elementor-element elementor-element-84757b6 e-flex e-con-boxed e-con e-parent\" data-id=\"84757b6\" data-element_type=\"container\" data-e-type=\"container\" data-settings=\"{&quot;jet_parallax_layout_list&quot;:[]}\">\n\t\t\t\t\t<div class=\"e-con-inner\">\n\t\t\t\t<div class=\"elementor-element elementor-element-fce3d30 elementor-widget elementor-widget-text-editor\" data-id=\"fce3d30\" data-element_type=\"widget\" data-e-type=\"widget\" data-widget_type=\"text-editor.default\">\n\t\t\t\t<div class=\"elementor-widget-container\">\n\t\t\t\t\t\t\t\t\t<p class=\"Leaddelanota\">Un extens programa d&#039;activitats per als col\u00b7lectius de professionals del sector far\u00e0 de <a href=\"https:\/\/www.construmat.com\/\" target=\"_blank\" rel=\"noopener\">Construmat 2024<\/a>\u00a0el millor f\u00f2rum de debat i coneixement de la ind\u00fastria de la construcci\u00f3 en una convocat\u00f2ria que posa el focus en la sostenibilitat i la innovaci\u00f3 com a grans eixos tem\u00e0tics.\u00a0<\/p><p class=\"Leaddelanota\">Del 21 al 23 de maig, el pavell\u00f3 2 del recinte de Gran Via de Fira de Barcelona ser\u00e0 seu de la 23a edici\u00f3 d&#039;un sal\u00f3 que comptar\u00e0, a m\u00e9s, amb tot l&#039;ecosistema de la construcci\u00f3 espanyola.<\/p>\t\t\t\t\t\t\t\t<\/div>\n\t\t\t\t<\/div>\n\t\t\t\t<div class=\"elementor-element elementor-element-f2f939f elementor-widget elementor-widget-text-editor\" data-id=\"f2f939f\" data-element_type=\"widget\" data-e-type=\"widget\" data-widget_type=\"text-editor.default\">\n\t\t\t\t<div class=\"elementor-widget-container\">\n\t\t\t\t\t\t\t\t\t<p><strong><em>Startups <\/em>i innovaci\u00f3\u00a0<\/strong><\/p><p>Construmat mostrar\u00e0 tamb\u00e9 innovacions del sector a dues noves \u00e0rees.\u00a0<\/p><ul><li>El <i>PropCon<\/i> <i>Hub<\/i>, un espai din\u00e0mic, en qu\u00e8 es donar\u00e0 visibilitat a 25 empreses de nova creaci\u00f3 que fan \u00fas de la tecnologia digital en els \u00e0mbits de la construcci\u00f3 (ConTech) i de la gesti\u00f3 immobili\u00e0ria (<i>PropTech<\/i>) i que exposaran els seus projectes de negoci a clients potencials, socis i inversors.\u00a0<\/li><li>I el <i>PropCon Hub Forum<\/i> on s&#039;oferiran presentacions d&#039;experts en innovaci\u00f3 a la construcci\u00f3 des de la prefabricaci\u00f3 sostenible fins a l&#039;\u00fas de la Intel\u00b7lig\u00e8ncia Artificial.<\/li><\/ul><div>\u00a0<\/div><p>A la zona de <i>workshops <\/i>i tallers se celebraran unes jornades del Consell per a l&#039;Acreditaci\u00f3 Internacional d&#039;Arquitectura i Disseny (CIAAD), soci oficial de les Nacions Unides per a la implementaci\u00f3 i l&#039;aven\u00e7 dels Objectius de Desenvolupament Sostenible (ODS) amb seu a Dubai, i una sessi\u00f3 de certificaci\u00f3 de Fisher per a instal\u00b7ladors del sistema Solar-Fix, pas previ a l&#039;examen per aconseguir l&#039;acreditaci\u00f3 T\u00dcV Rheinland.<\/p><p>Una nova edici\u00f3 dels prestigiosos<strong> Premis Construmat<\/strong>, comissariats per la Fundaci\u00f3 Mies van der Rohe i que <span style=\"text-decoration: underline;\">incorporen per primera vegada el premi del p\u00fablic<\/span>, completa el programa d&#039;activitats de Construmat 2024<\/p>\t\t\t\t\t\t\t\t<\/div>\n\t\t\t\t<\/div>\n\t\t\t\t<div class=\"elementor-element elementor-element-5044ee9 elementor-widget elementor-widget-text-editor\" data-id=\"5044ee9\" data-element_type=\"widget\" data-e-type=\"widget\" data-widget_type=\"text-editor.default\">\n\t\t\t\t<div class=\"elementor-widget-container\">\n\t\t\t\t\t\t\t\t\t<p><span style=\"color: var( --e-global-color-text ); font-family: var( --e-global-typography-text-font-family ), Sans-serif; font-weight: var( --e-global-typography-text-font-weight ); text-align: var(--text-align);\">La innovaci\u00f3, la sostenibilitat, la construcci\u00f3 industrialitzada, l&#039;edificaci\u00f3 en fusta i formig\u00f3 o les iniciatives m\u00e9s emergents seran les grans protagonistes d&#039;un esdeveniment que augmenta un 50% el seu espai expositiu en relaci\u00f3 amb la darrera edici\u00f3 i que compta amb la participaci\u00f3 ja confirmada de empreses l\u00edders com Alsina, Ciments Molins, Drutex, Eurofred, Fischer, Haier, Holcim, Hormipresa, Jung, K-Line, KLH, PMP, RD Lluna, Roca o Schnell, entre d&#039;altres.<\/span><\/p>\n<p>Construmat 2024 abordar\u00e0 els grans reptes del sector a trav\u00e9s d&#039;un programa d&#039;activitats complet per als professionals des de congressos fins a masterclass passant per f\u00f2rums i xerrades.<\/p>\n<p>Cal assenyalar la celebraci\u00f3 del Sustainable Building Congress, un congr\u00e9s que comptar\u00e0 amb 50 pon\u00e8ncies, 15 taules rodones i 120 ponents, i on es donaran visibilitat a les iniciatives desenvolupades que minimitzin l&#039;impacte ambiental de l&#039;activitat constructora per impulsar una construcci\u00f3 m\u00e9s sostenible i responsable. La descarbonitzaci\u00f3 i l&#039;economia circular, les solucions i les tecnologies digitals i els sistemes constructius industrials s\u00f3n les tem\u00e0tiques d&#039;aquest congr\u00e9s, que posar\u00e0 en valor les millors pr\u00e0ctiques i innovacions sectorials.<\/p>\n<p>Aquesta aposta per la sostenibilitat es materialitzar\u00e0 amb la construcci\u00f3 d\u00b4una casa de fusta de tres plantes, dissenyada per l\u00b4arquitecta hispano-mexicana Alba Lucila Guti\u00e9rrez, amb el nom de Casa M\u00f2dul H\u00e0bitat Mediterrani. A m\u00e9s, s&#039;edificar\u00e0 una casa de formig\u00f3, que mostrar\u00e0 els avantatges de la construcci\u00f3 industrialitzada com una nova forma de construir que permet agilitzar els temps en edificaci\u00f3 i optimitzar el consum d&#039;energia i recursos, aix\u00ed com controlar la despesa a les diferents fases del projecte .<\/p>\t\t\t\t\t\t\t\t<\/div>\n\t\t\t\t<\/div>\n\t\t\t\t<div class=\"elementor-element elementor-element-53b3182 elementor-widget elementor-widget-text-editor\" data-id=\"53b3182\" data-element_type=\"widget\" data-e-type=\"widget\" data-widget_type=\"text-editor.default\">\n\t\t\t\t<div class=\"elementor-widget-container\">\n\t\t\t\t\t\t\t\t\t<p><strong>Mercats internacionals<\/strong><\/p><p>D&#039;altra banda, el sal\u00f3 ha tornat a posar el focus als mercats internacionals de l&#039;arc mediterrani com ara el Marroc o Turquia, pa\u00efsos que obren un ampli ventall d&#039;oportunitats tant a les grans empreses constructores com a les de serveis auxiliars m\u00e9s petites.<\/p><p>En aquest sentit, el Marroc ser\u00e0 el pa\u00eds convidat de Construmat 2024, fent de Barcelona el punt de trobada entre les necessitats del pa\u00eds nord-afric\u00e0 i les empreses del nostre pa\u00eds amb la pres\u00e8ncia d&#039;una missi\u00f3 comercial oficial marroquina formada per set empreses, sis federacions del sector i els col\u00b7legis darquitectes i associacions de constructors i promotors. \u00a0<\/p>\t\t\t\t\t\t\t\t<\/div>\n\t\t\t\t<\/div>\n\t\t\t\t<div class=\"elementor-element elementor-element-2766cc7 elementor-widget elementor-widget-text-editor\" data-id=\"2766cc7\" data-element_type=\"widget\" data-e-type=\"widget\" data-widget_type=\"text-editor.default\">\n\t\t\t\t<div class=\"elementor-widget-container\">\n\t\t\t\t\t\t\t\t\t<p><strong>Construmat<\/strong> compta amb el suport de les principals entitats i associacions del sector com APCE Espanya, ASEFAVE, AECOM, ANERR, CNC, CATEB, COAC, COAM, CGATE, CSCAE, Federaci\u00f3 de Gremis de la Construcci\u00f3, Fundaci\u00f3 Laboral de la Construcci\u00f3 o IMHAB, entre altres.<\/p>\t\t\t\t\t\t\t\t<\/div>\n\t\t\t\t<\/div>\n\t\t\t\t\t<\/div>\n\t\t\t\t<\/div>\n\t\t\t\t<\/div>","protected":false},"excerpt":{"rendered":"<p>Que la Ingenier\u00eda Qu\u00edmica y el sector de la Construcci\u00f3n est\u00e1n estrechamente interconectados, es algo innegable.Trabajamos para desarrollar materiales innovadores, procesos eficientes y soluciones sostenibles que impulsan el progreso y la calidad en la industria de la construcci\u00f3n.\u00a0 Gran n\u00famero de profesionales de la IQ desarrollan sus competencias en este sector y, por ello, COIQCV [&hellip;]<\/p>\n","protected":false},"author":1,"featured_media":5431,"comment_status":"closed","ping_status":"closed","sticky":false,"template":"","format":"standard","meta":{"_monsterinsights_skip_tracking":false,"_monsterinsights_sitenote_active":false,"_monsterinsights_sitenote_note":"","_monsterinsights_sitenote_category":0,"_uf_show_specific_survey":0,"_uf_disable_surveys":false,"footnotes":""},"categories":[1,16,29,28,20],"tags":[],"class_list":["post-5429","post","type-post","status-publish","format-standard","has-post-thumbnail","hentry","category-coiqcv","category-eventos","category-ferias-profesionales","category-sector-iq","category-ventajas-de-colegiads"],"aioseo_notices":[],"_links":{"self":[{"href":"https:\/\/coiqcv.com\/val\/wp-json\/wp\/v2\/posts\/5429","targetHints":{"allow":["GET"]}}],"collection":[{"href":"https:\/\/coiqcv.com\/val\/wp-json\/wp\/v2\/posts"}],"about":[{"href":"https:\/\/coiqcv.com\/val\/wp-json\/wp\/v2\/types\/post"}],"author":[{"embeddable":true,"href":"https:\/\/coiqcv.com\/val\/wp-json\/wp\/v2\/users\/1"}],"replies":[{"embeddable":true,"href":"https:\/\/coiqcv.com\/val\/wp-json\/wp\/v2\/comments?post=5429"}],"version-history":[{"count":5,"href":"https:\/\/coiqcv.com\/val\/wp-json\/wp\/v2\/posts\/5429\/revisions"}],"predecessor-version":[{"id":5436,"href":"https:\/\/coiqcv.com\/val\/wp-json\/wp\/v2\/posts\/5429\/revisions\/5436"}],"wp:featuredmedia":[{"embeddable":true,"href":"https:\/\/coiqcv.com\/val\/wp-json\/wp\/v2\/media\/5431"}],"wp:attachment":[{"href":"https:\/\/coiqcv.com\/val\/wp-json\/wp\/v2\/media?parent=5429"}],"wp:term":[{"taxonomy":"category","embeddable":true,"href":"https:\/\/coiqcv.com\/val\/wp-json\/wp\/v2\/categories?post=5429"},{"taxonomy":"post_tag","embeddable":true,"href":"https:\/\/coiqcv.com\/val\/wp-json\/wp\/v2\/tags?post=5429"}],"curies":[{"name":"wp","href":"https:\/\/api.w.org\/{rel}","templated":true}]}}