{"id":5186,"date":"2024-04-10T14:48:15","date_gmt":"2024-04-10T12:48:15","guid":{"rendered":"https:\/\/coiqcv.com\/?p=5186"},"modified":"2024-04-10T15:01:15","modified_gmt":"2024-04-10T13:01:15","slug":"programa-superior-de-transformacion-digital-para-pymes","status":"publish","type":"post","link":"https:\/\/coiqcv.com\/val\/programa-superior-de-transformacion-digital-para-pymes\/","title":{"rendered":"Programa Superior de Transformaci\u00f3 Digital per a PIMEs"},"content":{"rendered":"<div data-elementor-type=\"wp-post\" data-elementor-id=\"5186\" class=\"elementor elementor-5186\" data-elementor-post-type=\"post\">\n\t\t\t\t<div data-particle_enable=\"false\" data-particle-mobile-disabled=\"false\" class=\"elementor-element elementor-element-c4f0a3f e-flex e-con-boxed e-con e-parent\" data-id=\"c4f0a3f\" data-element_type=\"container\" data-e-type=\"container\" data-settings=\"{&quot;jet_parallax_layout_list&quot;:[]}\">\n\t\t\t\t\t<div class=\"e-con-inner\">\n\t\t\t\t<div class=\"elementor-element elementor-element-55ff5a9 elementor-widget elementor-widget-heading\" data-id=\"55ff5a9\" data-element_type=\"widget\" data-e-type=\"widget\" data-widget_type=\"heading.default\">\n\t\t\t\t<div class=\"elementor-widget-container\">\n\t\t\t\t\t<h2 class=\"elementor-heading-title elementor-size-default\">Transformaci\u00f3 digital de la teva empresa<\/h2>\t\t\t\t<\/div>\n\t\t\t\t<\/div>\n\t\t\t\t<div class=\"elementor-element elementor-element-1cd2aa1 elementor-widget elementor-widget-heading\" data-id=\"1cd2aa1\" data-element_type=\"widget\" data-e-type=\"widget\" data-widget_type=\"heading.default\">\n\t\t\t\t<div class=\"elementor-widget-container\">\n\t\t\t\t\t<h2 class=\"elementor-heading-title elementor-size-default\">Formaci\u00f3 - LabPyme i CEEI Val\u00e8ncia<\/h2>\t\t\t\t<\/div>\n\t\t\t\t<\/div>\n\t\t\t\t<div class=\"elementor-element elementor-element-10ae3f1 elementor-drop-cap-yes elementor-drop-cap-view-default elementor-widget elementor-widget-text-editor\" data-id=\"10ae3f1\" data-element_type=\"widget\" data-e-type=\"widget\" data-settings=\"{&quot;drop_cap&quot;:&quot;yes&quot;}\" data-widget_type=\"text-editor.default\">\n\t\t\t\t<div class=\"elementor-widget-container\">\n\t\t\t\t\t\t\t\t\t<p>\u00bf<strong><span style=\"color: #c80028;\">T&#039;AGRADARIA MILLORAR LES COMPET\u00c8NCIES DIGITALS DE LA TEVA EMPRESA PER\u00d2 NO SAPS COM FER-HO?<\/span><\/strong><\/p><p><strong>Labpyme i CEEI Val\u00e8ncia <\/strong>tenen la soluci\u00f3, i compten amb la nostra total col\u00b7laboraci\u00f3 per difondre&#039;l a totes les empreses que se&#039;n puguin beneficiar.<\/p><p>Han posat en marxa aquest <span style=\"text-decoration: underline;\">curs h\u00edbrid gratu\u00eft<\/span> per a directius perqu\u00e8 adquireixis habilitats i coneixements necessaris per liderar la transformaci\u00f3 digital de la teva empresa.<\/p><p>Aquest programa us permetr\u00e0 comprendre la import\u00e0ncia de la transformaci\u00f3 digital i\u00a0<strong>dissenyar i executar el teu propi pla de digitalitzaci\u00f3 empresarial.<\/strong><\/p><p><em>El programa &#039;Generaci\u00f3 Digital Pimes&#039; \u00e9s una iniciativa finan\u00e7ada per la UE (NextGenerationEU) i gestionat per la Fundaci\u00f3 EOI, entitat adscrita al Ministeri d&#039;Ind\u00fastria, Comer\u00e7 i Turisme a trav\u00e9s de la Secretaria General d&#039;Ind\u00fastria i PIME.<\/em><\/p>\t\t\t\t\t\t\t\t<\/div>\n\t\t\t\t<\/div>\n\t\t\t\t<div class=\"elementor-element elementor-element-98006e7 elementor-widget elementor-widget-text-editor\" data-id=\"98006e7\" data-element_type=\"widget\" data-e-type=\"widget\" data-widget_type=\"text-editor.default\">\n\t\t\t\t<div class=\"elementor-widget-container\">\n\t\t\t\t\t\t\t\t\t<p><span style=\"color: #c80028;\"><strong>QUANT EM COSTAR\u00c0?\u00a0<br \/>\u00a1\u00a1<\/strong><\/span><strong><span style=\"color: #c80028;\">RES! <\/span><span style=\"color: #c80028;\">\u00c9s 100% gratu\u00eft.<\/span><br \/><\/strong>A m\u00e9s obtindr\u00e0s una <strong><span style=\"color: #000000;\">titulaci\u00f3 universit\u00e0ria per UCAM Universitat Cat\u00f2lica San Antonio de M\u00farcia<\/span><\/strong> valorada en m\u00e9s de 10.000\u20ac.<\/p><p>No pagar\u00e0s res per est\u00e0 subencionat totalment per la UE (<em>NextGenerationEU<\/em>) i gestionat per la Fundaci\u00f3 EOI.<\/p>\t\t\t\t\t\t\t\t<\/div>\n\t\t\t\t<\/div>\n\t\t\t\t<div class=\"elementor-element elementor-element-62f2a8b elementor-widget elementor-widget-text-editor\" data-id=\"62f2a8b\" data-element_type=\"widget\" data-e-type=\"widget\" data-widget_type=\"text-editor.default\">\n\t\t\t\t<div class=\"elementor-widget-container\">\n\t\t\t\t\t\t\t\t\t<p><span style=\"color: #c80028;\"><strong>QU\u00c8 APRENDRE EN AQUEST CURS?<\/strong><\/span><\/p><p>Al llarg de m\u00e9s de 130 hores de formaci\u00f3 aprendr\u00e0s a:<\/p><ol><li>Transformar la teva empresa al marc digital<\/li><li>Fidelitzar el teu client optimitzant la seva experi\u00e8ncia<\/li><li>Adoptar tecnologies que et permetin connectar millor amb els clients i automatitzar processos<\/li><li>Adquirir avantatges competitius<\/li><li>Crear un pla dacci\u00f3 per a la teva empresa<br \/><br \/><\/li><\/ol><p>A m\u00e9s, tindr\u00e0s 10 hores de mentoritzaci\u00f3 individual i personalitzada.<\/p>\t\t\t\t\t\t\t\t<\/div>\n\t\t\t\t<\/div>\n\t\t\t\t<div class=\"elementor-element elementor-element-7464ce1 elementor-widget elementor-widget-text-editor\" data-id=\"7464ce1\" data-element_type=\"widget\" data-e-type=\"widget\" data-widget_type=\"text-editor.default\">\n\t\t\t\t<div class=\"elementor-widget-container\">\n\t\t\t\t\t\t\t\t\t<p><span style=\"color: #c80028;\"><strong>QUAN COMENCEM?<\/strong><\/span><\/p><p>Comencem el\u00a0<strong>19 d&#039;abril<\/strong>\u00a0i finalitzarem el\u00a0<strong>26 de juliol.<\/strong><\/p><p>Es tracta d&#039;un\u00a0<strong>curs h\u00edbrid:<\/strong><\/p><ul><li>els\u00a0<strong>dilluns i dimecres<\/strong>\u00a0les sessions seran\u00a0<strong>en l\u00ednia\u00a0<\/strong>(19 sessions de 15.30 a 18.30).<\/li><li>i els\u00a0<strong>dijous<\/strong>\u00a0seran\u00a0<strong>presencials a CEEI Val\u00e8ncia.\u00a0<\/strong>(12 sessions de 09.30 a 15.30).<\/li><\/ul>\t\t\t\t\t\t\t\t<\/div>\n\t\t\t\t<\/div>\n\t\t\t\t<div class=\"elementor-element elementor-element-b329b4e elementor-widget elementor-widget-text-editor\" data-id=\"b329b4e\" data-element_type=\"widget\" data-e-type=\"widget\" data-widget_type=\"text-editor.default\">\n\t\t\t\t<div class=\"elementor-widget-container\">\n\t\t\t\t\t\t\t\t\t<p><span style=\"color: #c80028;\"><strong>PUC APUNTAR-ME?<\/strong>\u00a0<\/span><\/p><p>S\u00ed, si ets:<\/p><ul><li>treballador\/a d&#039;una empresa entre\u00a0<strong>10 i 249 treballadors\/es<\/strong><\/li><li>la\u00a0<strong>facturaci\u00f3\u00a0<\/strong>de la teva empresa\u00a0<strong>no supera els 50 milions d&#039;euros<\/strong><\/li><li>ocupes un\u00a0<strong>c\u00e0rrec directiu<\/strong>\u00a0<strong>o\u00a0<\/strong>pots disposar d&#039;una\u00a0<em>declaraci\u00f3 responsable<\/em> indicant la teva responsabilitat a l&#039;empresa.<\/li><\/ul>\t\t\t\t\t\t\t\t<\/div>\n\t\t\t\t<\/div>\n\t\t<div data-particle_enable=\"false\" data-particle-mobile-disabled=\"false\" class=\"elementor-element elementor-element-27383d7 e-grid e-con-full e-con e-child\" data-id=\"27383d7\" data-element_type=\"container\" data-e-type=\"container\" data-settings=\"{&quot;jet_parallax_layout_list&quot;:[]}\">\n\t\t\t\t<div class=\"elementor-element elementor-element-94f9f63 elementor-widget elementor-widget-heading\" data-id=\"94f9f63\" data-element_type=\"widget\" data-e-type=\"widget\" data-widget_type=\"heading.default\">\n\t\t\t\t<div class=\"elementor-widget-container\">\n\t\t\t\t\t<h2 class=\"elementor-heading-title elementor-size-default\">Programa per descarregar<\/h2>\t\t\t\t<\/div>\n\t\t\t\t<\/div>\n\t\t\t\t<div class=\"elementor-element elementor-element-9a4202f elementor-view-default elementor-widget elementor-widget-icon\" data-id=\"9a4202f\" data-element_type=\"widget\" data-e-type=\"widget\" data-widget_type=\"icon.default\">\n\t\t\t\t<div class=\"elementor-widget-container\">\n\t\t\t\t\t\t\t<div class=\"elementor-icon-wrapper\">\n\t\t\t<a class=\"elementor-icon\" href=\"https:\/\/coiqcv.com\/wp-content\/uploads\/2024\/04\/Programa-Superior-de-Competencias-Digitales-Valencia-COIQ.pdf\" target=\"_blank\">\n\t\t\t<svg aria-hidden=\"true\" class=\"e-font-icon-svg e-far-file-pdf\" viewbox=\"0 0 384 512\" xmlns=\"http:\/\/www.w3.org\/2000\/svg\"><path d=\"M369.9 97.9L286 14C277 5 264.8-.1 252.1-.1H48C21.5 0 0 21.5 0 48v416c0 26.5 21.5 48 48 48h288c26.5 0 48-21.5 48-48V131.9c0-12.7-5.1-25-14.1-34zM332.1 128H256V51.9l76.1 76.1zM48 464V48h160v104c0 13.3 10.7 24 24 24h104v288H48zm250.2-143.7c-12.2-12-47-8.7-64.4-6.5-17.2-10.5-28.7-25-36.8-46.3 3.9-16.1 10.1-40.6 5.4-56-4.2-26.2-37.8-23.6-42.6-5.9-4.4 16.1-.4 38.5 7 67.1-10 23.9-24.9 56-35.4 74.4-20 10.3-47 26.2-51 46.2-3.3 15.8 26 55.2 76.1-31.2 22.4-7.4 46.8-16.5 68.4-20.1 18.9 10.2 41 17 55.8 17 25.5 0 28-28.2 17.5-38.7zm-198.1 77.8c5.1-13.7 24.5-29.5 30.4-35-19 30.3-30.4 35.7-30.4 35zm81.6-190.6c7.4 0 6.7 32.1 1.8 40.8-4.4-13.9-4.3-40.8-1.8-40.8zm-24.4 136.6c9.7-16.9 18-37 24.7-54.7 8.3 15.1 18.9 27.2 30.1 35.5-20.8 4.3-38.9 13.1-54.8 19.2zm131.6-5s-5 6-37.3-7.8c35.1-2.6 40.9 5.4 37.3 7.8z\"><\/path><\/svg>\t\t\t<\/a>\n\t\t<\/div>\n\t\t\t\t\t\t<\/div>\n\t\t\t\t<\/div>\n\t\t\t\t<div class=\"elementor-element elementor-element-37f5e0c elementor-widget elementor-widget-heading\" data-id=\"37f5e0c\" data-element_type=\"widget\" data-e-type=\"widget\" data-widget_type=\"heading.default\">\n\t\t\t\t<div class=\"elementor-widget-container\">\n\t\t\t\t\t<h2 class=\"elementor-heading-title elementor-size-default\">Algun dubte?\n<\/h2>\t\t\t\t<\/div>\n\t\t\t\t<\/div>\n\t\t\t\t<div class=\"elementor-element elementor-element-ede3587 elementor-widget elementor-widget-text-editor\" data-id=\"ede3587\" data-element_type=\"widget\" data-e-type=\"widget\" data-widget_type=\"text-editor.default\">\n\t\t\t\t<div class=\"elementor-widget-container\">\n\t\t\t\t\t\t\t\t\t<p>Pots escriure&#039;ns un mail a <a href=\"mailto:formacion@ceei.net\" target=\"_blank\" rel=\"noopener\">formacion@ceei.net<\/a> oa <a href=\"mailto:formacion@coiqcv.com\" target=\"_blank\" rel=\"noopener\">formacion@coiqcv.com<\/a> i estarem encantats d&#039;ajudar-te <strong>\ud83d\ude42<\/strong><\/p>\t\t\t\t\t\t\t\t<\/div>\n\t\t\t\t<\/div>\n\t\t\t\t<\/div>\n\t\t\t\t\t<\/div>\n\t\t\t\t<\/div>\n\t\t\t\t<\/div>","protected":false},"excerpt":{"rendered":"<p>Transformaci\u00f3n digital de tu empresa Formaci\u00f3n &#8211; LabPyme y CEEI Valencia \u00bfTE GUSTAR\u00cdA\u00a0MEJORAR LAS COMPETENCIAS DIGITALES DE TU EMPRESA PERO NO SABES C\u00d3MO HACERLO? Labpyme y CEEI Valencia tienen la soluci\u00f3n, y cuentan con nuestra total colaboraci\u00f3n para difundirlo a cuantas empresas puedan beneficiarse. Han puesto en marcha este curso h\u00edbrido gratuito para directivos para [&hellip;]<\/p>\n","protected":false},"author":1,"featured_media":5181,"comment_status":"closed","ping_status":"closed","sticky":false,"template":"","format":"standard","meta":{"_monsterinsights_skip_tracking":false,"_monsterinsights_sitenote_active":false,"_monsterinsights_sitenote_note":"","_monsterinsights_sitenote_category":0,"_uf_show_specific_survey":0,"_uf_disable_surveys":false,"footnotes":""},"categories":[1,23],"tags":[],"class_list":["post-5186","post","type-post","status-publish","format-standard","has-post-thumbnail","hentry","category-coiqcv","category-formacion"],"aioseo_notices":[],"_links":{"self":[{"href":"https:\/\/coiqcv.com\/val\/wp-json\/wp\/v2\/posts\/5186","targetHints":{"allow":["GET"]}}],"collection":[{"href":"https:\/\/coiqcv.com\/val\/wp-json\/wp\/v2\/posts"}],"about":[{"href":"https:\/\/coiqcv.com\/val\/wp-json\/wp\/v2\/types\/post"}],"author":[{"embeddable":true,"href":"https:\/\/coiqcv.com\/val\/wp-json\/wp\/v2\/users\/1"}],"replies":[{"embeddable":true,"href":"https:\/\/coiqcv.com\/val\/wp-json\/wp\/v2\/comments?post=5186"}],"version-history":[{"count":5,"href":"https:\/\/coiqcv.com\/val\/wp-json\/wp\/v2\/posts\/5186\/revisions"}],"predecessor-version":[{"id":5191,"href":"https:\/\/coiqcv.com\/val\/wp-json\/wp\/v2\/posts\/5186\/revisions\/5191"}],"wp:featuredmedia":[{"embeddable":true,"href":"https:\/\/coiqcv.com\/val\/wp-json\/wp\/v2\/media\/5181"}],"wp:attachment":[{"href":"https:\/\/coiqcv.com\/val\/wp-json\/wp\/v2\/media?parent=5186"}],"wp:term":[{"taxonomy":"category","embeddable":true,"href":"https:\/\/coiqcv.com\/val\/wp-json\/wp\/v2\/categories?post=5186"},{"taxonomy":"post_tag","embeddable":true,"href":"https:\/\/coiqcv.com\/val\/wp-json\/wp\/v2\/tags?post=5186"}],"curies":[{"name":"wp","href":"https:\/\/api.w.org\/{rel}","templated":true}]}}