{"id":4269,"date":"2023-12-05T16:48:06","date_gmt":"2023-12-05T15:48:06","guid":{"rendered":"https:\/\/pro-ser-001.datia-analytics.com\/?p=4269"},"modified":"2024-04-04T12:24:18","modified_gmt":"2024-04-04T10:24:18","slug":"jornada-%f0%9d%97%9f%f0%9d%97%ae-%f0%9d%97%b2%f0%9d%98%85%f0%9d%97%b0%f0%9d%97%b2%f0%9d%97%b9%f0%9d%97%b2%f0%9d%97%bb%f0%9d%97%b0%f0%9d%97%b6%f0%9d%97%ae-%f0%9d%97%bd%f0%9d%97%bf%f0%9d%97%bc","status":"publish","type":"post","link":"https:\/\/coiqcv.com\/val\/jornada-%f0%9d%97%9f%f0%9d%97%ae-%f0%9d%97%b2%f0%9d%98%85%f0%9d%97%b0%f0%9d%97%b2%f0%9d%97%b9%f0%9d%97%b2%f0%9d%97%bb%f0%9d%97%b0%f0%9d%97%b6%f0%9d%97%ae-%f0%9d%97%bd%f0%9d%97%bf%f0%9d%97%bc\/","title":{"rendered":"Jornada \u201cL&#039;excel\u00b7l\u00e8ncia professional col\u00b7legial contra l&#039;intrusisme i la mala praxi\u201d"},"content":{"rendered":"<div data-elementor-type=\"wp-post\" data-elementor-id=\"4269\" class=\"elementor elementor-4269\" data-elementor-post-type=\"post\">\n\t\t\t\t<div data-particle_enable=\"false\" data-particle-mobile-disabled=\"false\" class=\"elementor-element elementor-element-8d63a8b e-flex e-con-boxed e-con e-parent\" data-id=\"8d63a8b\" data-element_type=\"container\" data-e-type=\"container\" data-settings=\"{&quot;jet_parallax_layout_list&quot;:[]}\">\n\t\t\t\t\t<div class=\"e-con-inner\">\n\t\t\t\t<div class=\"elementor-element elementor-element-47fda52 elementor-widget elementor-widget-heading\" data-id=\"47fda52\" data-element_type=\"widget\" data-e-type=\"widget\" data-widget_type=\"heading.default\">\n\t\t\t\t<div class=\"elementor-widget-container\">\n\t\t\t\t\t<h3 class=\"elementor-heading-title elementor-size-default\">Professional no col\u00b7legiada\/o? Et jugues molt<\/h3>\t\t\t\t<\/div>\n\t\t\t\t<\/div>\n\t\t\t\t\t<\/div>\n\t\t\t\t<\/div>\n\t\t<div data-particle_enable=\"false\" data-particle-mobile-disabled=\"false\" class=\"elementor-element elementor-element-2d82502 e-flex e-con-boxed e-con e-parent\" data-id=\"2d82502\" data-element_type=\"container\" data-e-type=\"container\" data-settings=\"{&quot;jet_parallax_layout_list&quot;:[]}\">\n\t\t\t\t\t<div class=\"e-con-inner\">\n\t\t\t\t<div class=\"elementor-element elementor-element-e499b0d elementor-drop-cap-yes elementor-drop-cap-view-default elementor-widget elementor-widget-text-editor\" data-id=\"e499b0d\" data-element_type=\"widget\" data-e-type=\"widget\" data-settings=\"{&quot;drop_cap&quot;:&quot;yes&quot;}\" data-widget_type=\"text-editor.default\">\n\t\t\t\t<div class=\"elementor-widget-container\">\n\t\t\t\t\t\t\t\t\t<p>El <strong>Col\u00b7legi Oficial d&#039;Enginyers Qu\u00edmics de la Comunitat Valenciana, CO<span style=\"color: #c80028;\">IQ<\/span>CV<\/strong>\u00a0col\u00b7labora amb tots els col\u00b7legis professionals pertanyents a\u00a0<strong>Uni\u00f3 Professional de Val\u00e8ncia<\/strong> en la interessant jornada \u201c\ud835\udddf\ud835\uddee \ud835\uddf2\ud835\ude05\ud835\uddf0\ud835\uddf2\ud835\uddf9\ud835\uddf2\ud835\uddfb\ud835\uddf0\ud835\uddf6\ud835\uddee \ud835\uddfd\ud835\uddff\ud835\uddfc\ud835\uddf3\ud835\uddf2\ud835\ude00\ud835\uddf6\ud835\uddfc\ud835\uddfb\ud835\udddd\ud835\udddd \ud835\uddf6\ud835\uddee\ud835\uddf9 \ud835\uddf0\ud835\uddfc\ud835\uddfb\ud835\ude01\ud835\uddff\ud835\uddee \ud835\uddf2\ud835\uddf9 \ud835\uddf6\ud835\uddfb\ud835\ude01\ud835\uddff\ud835\ude02\ud835\ude00\ud835\uddf6\ud835\ude00\ud835\uddfa\ud835\uddfc \ud835\ude06 \ud835\uddff\ud835\uddee\ud835\ude05\ud835\uddf6\ud835\ude00\u201d<\/p><p>Aquesta jornada tindr\u00e0 lloc el proper dimarts 12 de desembre de les 9.30 a les 12 h. al sal\u00f3 Sorolla de l&#039;Ateneu Mercantil de Val\u00e8ncia (a la Pla\u00e7a de l&#039;Ajuntament, 18 a Val\u00e8ncia).<\/p>\t\t\t\t\t\t\t\t<\/div>\n\t\t\t\t<\/div>\n\t\t\t\t\t<\/div>\n\t\t\t\t<\/div>\n\t\t<div data-particle_enable=\"false\" data-particle-mobile-disabled=\"false\" class=\"elementor-element elementor-element-8a8c46e e-flex e-con-boxed e-con e-parent\" data-id=\"8a8c46e\" data-element_type=\"container\" data-e-type=\"container\" data-settings=\"{&quot;jet_parallax_layout_list&quot;:[]}\">\n\t\t\t\t\t<div class=\"e-con-inner\">\n\t\t\t\t<div class=\"elementor-element elementor-element-f53a5d1 elementor-widget elementor-widget-image\" data-id=\"f53a5d1\" data-element_type=\"widget\" data-e-type=\"widget\" data-widget_type=\"image.default\">\n\t\t\t\t<div class=\"elementor-widget-container\">\n\t\t\t\t\t\t\t\t\t\t\t\t\t\t\t<img fetchpriority=\"high\" decoding=\"async\" width=\"800\" height=\"450\" src=\"https:\/\/coiqcv.com\/wp-content\/uploads\/2023\/12\/invitacion-jornada-1024x576.jpg\" class=\"attachment-large size-large wp-image-4275\" alt=\"\" srcset=\"https:\/\/coiqcv.com\/wp-content\/uploads\/2023\/12\/invitacion-jornada-1024x576.jpg 1024w, https:\/\/coiqcv.com\/wp-content\/uploads\/2023\/12\/invitacion-jornada-300x169.jpg 300w, https:\/\/coiqcv.com\/wp-content\/uploads\/2023\/12\/invitacion-jornada-768x432.jpg 768w, https:\/\/coiqcv.com\/wp-content\/uploads\/2023\/12\/invitacion-jornada-18x10.jpg 18w, https:\/\/coiqcv.com\/wp-content\/uploads\/2023\/12\/invitacion-jornada.jpg 1199w\" sizes=\"(max-width: 800px) 100vw, 800px\" \/>\t\t\t\t\t\t\t\t\t\t\t\t\t\t\t<\/div>\n\t\t\t\t<\/div>\n\t\t\t\t<div class=\"elementor-element elementor-element-69c3935 elementor-drop-cap-yes elementor-drop-cap-view-default elementor-widget elementor-widget-text-editor\" data-id=\"69c3935\" data-element_type=\"widget\" data-e-type=\"widget\" data-settings=\"{&quot;drop_cap&quot;:&quot;yes&quot;}\" data-widget_type=\"text-editor.default\">\n\t\t\t\t<div class=\"elementor-widget-container\">\n\t\t\t\t\t\t\t\t\t<p>Es tractar\u00e0 en una<strong> taula rodona<\/strong>, amb experts de tots els \u00e0mbits, dels riscos que implica per a una empresa confiar en un professional no col\u00b7legiat i de com aquests poden afectar des de l&#039;execuci\u00f3 de projectes fins a la manca de cobertura legal donant lloc a risc financer i\/o de reputaci\u00f3 de lorganitzaci\u00f3.<\/p>\t\t\t\t\t\t\t\t<\/div>\n\t\t\t\t<\/div>\n\t\t\t\t\t<\/div>\n\t\t\t\t<\/div>\n\t\t<div data-particle_enable=\"false\" data-particle-mobile-disabled=\"false\" class=\"elementor-element elementor-element-42fb4ac e-flex e-con-boxed e-con e-parent\" data-id=\"42fb4ac\" data-element_type=\"container\" data-e-type=\"container\" data-settings=\"{&quot;jet_parallax_layout_list&quot;:[]}\">\n\t\t\t\t\t<div class=\"e-con-inner\">\n\t\t\t\t<div class=\"elementor-element elementor-element-cd478f3 elementor-widget elementor-widget-image\" data-id=\"cd478f3\" data-element_type=\"widget\" data-e-type=\"widget\" data-widget_type=\"image.default\">\n\t\t\t\t<div class=\"elementor-widget-container\">\n\t\t\t\t\t\t\t\t\t\t\t\t\t\t\t<img decoding=\"async\" width=\"800\" height=\"450\" src=\"https:\/\/coiqcv.com\/wp-content\/uploads\/2023\/12\/cartel-jornada-PONENTES-1024x576.jpg\" class=\"attachment-large size-large wp-image-4276\" alt=\"\" srcset=\"https:\/\/coiqcv.com\/wp-content\/uploads\/2023\/12\/cartel-jornada-PONENTES-1024x576.jpg 1024w, https:\/\/coiqcv.com\/wp-content\/uploads\/2023\/12\/cartel-jornada-PONENTES-300x169.jpg 300w, https:\/\/coiqcv.com\/wp-content\/uploads\/2023\/12\/cartel-jornada-PONENTES-768x432.jpg 768w, https:\/\/coiqcv.com\/wp-content\/uploads\/2023\/12\/cartel-jornada-PONENTES-1536x865.jpg 1536w, https:\/\/coiqcv.com\/wp-content\/uploads\/2023\/12\/cartel-jornada-PONENTES-2048x1153.jpg 2048w, https:\/\/coiqcv.com\/wp-content\/uploads\/2023\/12\/cartel-jornada-PONENTES-18x10.jpg 18w\" sizes=\"(max-width: 800px) 100vw, 800px\" \/>\t\t\t\t\t\t\t\t\t\t\t\t\t\t\t<\/div>\n\t\t\t\t<\/div>\n\t\t\t\t\t<\/div>\n\t\t\t\t<\/div>\n\t\t<div data-particle_enable=\"false\" data-particle-mobile-disabled=\"false\" class=\"elementor-element elementor-element-45e3e9d e-flex e-con-boxed e-con e-parent\" data-id=\"45e3e9d\" data-element_type=\"container\" data-e-type=\"container\" data-settings=\"{&quot;jet_parallax_layout_list&quot;:[]}\">\n\t\t\t\t\t<div class=\"e-con-inner\">\n\t\t\t\t<div class=\"elementor-element elementor-element-ca923dd elementor-widget elementor-widget-text-editor\" data-id=\"ca923dd\" data-element_type=\"widget\" data-e-type=\"widget\" data-widget_type=\"text-editor.default\">\n\t\t\t\t<div class=\"elementor-widget-container\">\n\t\t\t\t\t\t\t\t\t<p>Des del <strong>CO<span style=\"color: #c80028;\">IQ<\/span>CV<\/strong> t&#039;animem a assistir-hi per prendre consci\u00e8ncia de la import\u00e0ncia de la col\u00b7legiaci\u00f3 i de comptar amb el suport i formar part dels Col\u00b7legis Professionals.<\/p><p>Pots inscriure&#039;t a la Jornada al seg\u00fcent <a href=\"https:\/\/forms.gle\/DVSQejwGPHHDMcUw7\">enlla\u00e7<\/a>.<\/p><p><span style=\"color: #c80028;\">T&#039;esperem!<\/span><\/p>\t\t\t\t\t\t\t\t<\/div>\n\t\t\t\t<\/div>\n\t\t\t\t\t<\/div>\n\t\t\t\t<\/div>\n\t\t\t\t<\/div>","protected":false},"excerpt":{"rendered":"<p>\u00bfProfesional no colegiada\/o? Te juegas mucho El Colegio Oficial de Ingenieros Qu\u00edmicos de la Comunitat Valenciana, COIQCV\u00a0colabora con todos los colegios profesionales pertenecientes a\u00a0Uni\u00f3n Profesional de Valencia en la interesante jornada \u201c\ud835\udddf\ud835\uddee \ud835\uddf2\ud835\ude05\ud835\uddf0\ud835\uddf2\ud835\uddf9\ud835\uddf2\ud835\uddfb\ud835\uddf0\ud835\uddf6\ud835\uddee \ud835\uddfd\ud835\uddff\ud835\uddfc\ud835\uddf3\ud835\uddf2\ud835\ude00\ud835\uddf6\ud835\uddfc\ud835\uddfb\ud835\uddee\ud835\uddf9 \ud835\uddf0\ud835\uddfc\ud835\uddf9\ud835\uddf2\ud835\uddf4\ud835\uddf6\ud835\uddee\ud835\uddf9 \ud835\uddf0\ud835\uddfc\ud835\uddfb\ud835\ude01\ud835\uddff\ud835\uddee \ud835\uddf2\ud835\uddf9 \ud835\uddf6\ud835\uddfb\ud835\ude01\ud835\uddff\ud835\ude02\ud835\ude00\ud835\uddf6\ud835\ude00\ud835\uddfa\ud835\uddfc \ud835\ude06 \ud835\uddf9\ud835\uddee \ud835\uddfa\ud835\uddee\ud835\uddf9\ud835\uddee \ud835\uddfd\ud835\uddff\ud835\uddee\ud835\ude05\ud835\uddf6\ud835\ude00\u201d Dicha jornada tendr\u00e1 lugar el pr\u00f3ximo martes 12 de diciembre de las 9:30 [&hellip;]<\/p>\n","protected":false},"author":1,"featured_media":4271,"comment_status":"closed","ping_status":"closed","sticky":false,"template":"","format":"standard","meta":{"_monsterinsights_skip_tracking":false,"_monsterinsights_sitenote_active":false,"_monsterinsights_sitenote_note":"","_monsterinsights_sitenote_category":0,"_uf_show_specific_survey":0,"_uf_disable_surveys":false,"footnotes":""},"categories":[1,16],"tags":[],"class_list":["post-4269","post","type-post","status-publish","format-standard","has-post-thumbnail","hentry","category-coiqcv","category-eventos"],"aioseo_notices":[],"_links":{"self":[{"href":"https:\/\/coiqcv.com\/val\/wp-json\/wp\/v2\/posts\/4269","targetHints":{"allow":["GET"]}}],"collection":[{"href":"https:\/\/coiqcv.com\/val\/wp-json\/wp\/v2\/posts"}],"about":[{"href":"https:\/\/coiqcv.com\/val\/wp-json\/wp\/v2\/types\/post"}],"author":[{"embeddable":true,"href":"https:\/\/coiqcv.com\/val\/wp-json\/wp\/v2\/users\/1"}],"replies":[{"embeddable":true,"href":"https:\/\/coiqcv.com\/val\/wp-json\/wp\/v2\/comments?post=4269"}],"version-history":[{"count":7,"href":"https:\/\/coiqcv.com\/val\/wp-json\/wp\/v2\/posts\/4269\/revisions"}],"predecessor-version":[{"id":4556,"href":"https:\/\/coiqcv.com\/val\/wp-json\/wp\/v2\/posts\/4269\/revisions\/4556"}],"wp:featuredmedia":[{"embeddable":true,"href":"https:\/\/coiqcv.com\/val\/wp-json\/wp\/v2\/media\/4271"}],"wp:attachment":[{"href":"https:\/\/coiqcv.com\/val\/wp-json\/wp\/v2\/media?parent=4269"}],"wp:term":[{"taxonomy":"category","embeddable":true,"href":"https:\/\/coiqcv.com\/val\/wp-json\/wp\/v2\/categories?post=4269"},{"taxonomy":"post_tag","embeddable":true,"href":"https:\/\/coiqcv.com\/val\/wp-json\/wp\/v2\/tags?post=4269"}],"curies":[{"name":"wp","href":"https:\/\/api.w.org\/{rel}","templated":true}]}}