{"id":4144,"date":"2023-11-21T14:52:13","date_gmt":"2023-11-21T13:52:13","guid":{"rendered":"https:\/\/pro-ser-001.datia-analytics.com\/?p=4144"},"modified":"2024-04-04T12:24:18","modified_gmt":"2024-04-04T10:24:18","slug":"ix-edicion-de-los-premios-nacionales-iiama","status":"publish","type":"post","link":"https:\/\/coiqcv.com\/val\/ix-edicion-de-los-premios-nacionales-iiama\/","title":{"rendered":"IX Edici\u00f3 dels Premis Nacionals IIAMA"},"content":{"rendered":"<div data-elementor-type=\"wp-post\" data-elementor-id=\"4144\" class=\"elementor elementor-4144\" data-elementor-post-type=\"post\">\n\t\t\t\t<div data-particle_enable=\"false\" data-particle-mobile-disabled=\"false\" class=\"elementor-element elementor-element-347f4c97 e-flex e-con-boxed e-con e-parent\" data-id=\"347f4c97\" data-element_type=\"container\" data-e-type=\"container\" data-settings=\"{&quot;jet_parallax_layout_list&quot;:[]}\">\n\t\t\t\t\t<div class=\"e-con-inner\">\n\t\t\t\t<div class=\"elementor-element elementor-element-d662b5f elementor-drop-cap-yes elementor-drop-cap-view-default elementor-widget elementor-widget-text-editor\" data-id=\"d662b5f\" data-element_type=\"widget\" data-e-type=\"widget\" data-settings=\"{&quot;drop_cap&quot;:&quot;yes&quot;}\" data-widget_type=\"text-editor.default\">\n\t\t\t\t<div class=\"elementor-widget-container\">\n\t\t\t\t\t\t\t\t\t<p>El 10 de novembre, el <strong>CO<span style=\"color: #c80028;\">IQ<\/span>CV <\/strong>va tenir l&#039;honor a assistir com a patrocinador a la <strong>IX edici\u00f3 dels premis IIAMA<\/strong>. atorgats als millors treballs acad\u00e8mics tesis doctoral\/TFM\/TFG defensats a universitats espanyoles. Aquests premis nacionals s\u00f3n una convocat\u00f2ria de refer\u00e8ncia i prestigi ja que distingeixen els millors treballs de joves investigadors en l&#039;\u00e0mbit de la <span style=\"color: #c80028;\">Enginyeria de l&#039;Aigua i Medi Ambient.<\/span><\/p>\n<!-- \/wp:paragraph --><!-- wp:paragraph -->\n<p><em>La primera edici\u00f3 va ser el 2014 i any rere any s&#039;ha incrementat el nombre de guardons a lliurar, aix\u00ed com el patrocini d&#039;empreses i institucions del sector de l&#039;aigua.<\/em><\/p>\n<!-- \/wp:paragraph --><!-- wp:paragraph -->\n<p>Aquesta <strong>IX edici\u00f3<\/strong>, va tenir lloc a <strong>Sal\u00f3 d\u00b4Actes de l\u00b4Escola de Camins<\/strong> <strong>de la UPV<\/strong> el tradicional acte de lliurament dels <strong>premis nacionals IIAMA<\/strong> als millors treballs acad\u00e8mics en enginyeria de l&#039;aigua i medi ambient en les diferents modalitats: tesis, TFM\/TFGs, i premis acc\u00e8ssits.<\/p>\n<!-- \/wp:paragraph --><!-- wp:paragraph -->\n<p>Despr\u00e9s de la presentaci\u00f3 institucional, el <strong>Director general de l&#039;Aigua<\/strong>\u00a0del <span style=\"text-decoration: underline;\">Ministeri per a la Transici\u00f3 Ecol\u00f2gica i el Repte Demogr\u00e0fic<\/span>, <strong>D. Teodor Estrela,<\/strong> va presentar la pon\u00e8ncia\u00a0<em><span style=\"color: #c80028;\">L\u00ednies dactuaci\u00f3 en la gesti\u00f3 de laigua a Espanya: loportunitat del Pla de Recuperaci\u00f3,<\/span> <span style=\"color: #c80028;\">Transformaci\u00f3 i Resili\u00e8ncia\u201d<\/span><\/em><\/p>\n<!-- \/wp:paragraph --><!-- wp:paragraph -->\n<p><strong>\u00c0ngela Garc\u00eda<\/strong> es va al\u00e7ar amb el guard\u00f3 a la categoria de Tesi Doctoral, dotada amb 2.000 \u20ac, per una <strong>tesi que aborda el potencial de la desinfecci\u00f3 solar d&#039;aigua o proc\u00e9s SODIS, com a m\u00e8tode de tractament alternatiu als convencionals i que pot ser utilitzat a regions pobres<\/strong>. Aquesta investigaci\u00f3 ha estat dirigida pels professors de la Universitat Rey Juan Carlos, Javier Marug\u00e1n i Rafael \u00c1ngel Garc\u00eda.<\/p>\n<!-- \/wp:paragraph --><!-- wp:paragraph -->\n<p>Per la seva banda, <strong>Santiago Navarro<\/strong> ho va fer en la modalitat de Treball Final de M\u00e0ster\/ Grau, dotada amb 1.000 \u20ac, per un <strong>estudi hidr\u00e0ulic de la Presa de la Toba<\/strong>, situada a la part alta del riu X\u00faquer, i que ha estat dirigit pels investigadors de l&#039;IIAMA-UPV, Miguel \u00c1ngel Eguibar i Juan Bautista Marco.<\/p>\n<!-- \/wp:paragraph --><!-- wp:paragraph -->\n<p>A m\u00e9s, el Jurat va concedir el premi Acc\u00e8ssit en la categoria d&#039;Aigua i Ciutat -patrocinat per la C\u00e0tedra d&#039;Aig\u00fces de Val\u00e8ncia- a <strong>Ivan Vall\u00e9s<\/strong> per un TFM, dirigit Antonio Arqu\u00e9s i Iv\u00e1n Mat\u00edas Sciscenko (Universitat Polit\u00e8cnica de Val\u00e8ncia), i Alessandra Bianco Prevot (Universit\u00e0 degli Studi di Torino), que<strong> aborda la problem\u00e0tica dels Contaminants de Preocupaci\u00f3 Emergent (CECs) i la dificultat de la seva eliminaci\u00f3<\/strong>.<\/p>\n<!-- \/wp:paragraph --><!-- wp:paragraph -->\n<p>Per la seva banda, l&#039;acc\u00e9s <strong>Enginyeria de l&#039;Aigua i Canvi Clim\u00e0tic<\/strong> -patrocinat per la C\u00e0tedra de Canvi Clim\u00e0tic \u2013 va recaure en <strong>Sergio Andr\u00e9s Romero<\/strong> per un TFM, dirigit per Manuel Pulido, H\u00e9ctor Maci\u00e1n i F\u00e9lix Franc\u00e9s (IIAMA-UPV), que analitza la viabilitat d&#039;incorporar prediccions meteorol\u00f2giques subestacionals a la gesti\u00f3 de la conca del riu X\u00faquer.<\/p>\t\t\t\t\t\t\t\t<\/div>\n\t\t\t\t<\/div>\n\t\t\t\t\t<\/div>\n\t\t\t\t<\/div>\n\t\t<div data-particle_enable=\"false\" data-particle-mobile-disabled=\"false\" class=\"elementor-element elementor-element-f6401da e-flex e-con-boxed e-con e-parent\" data-id=\"f6401da\" data-element_type=\"container\" data-e-type=\"container\" data-settings=\"{&quot;jet_parallax_layout_list&quot;:[]}\">\n\t\t\t\t\t<div class=\"e-con-inner\">\n\t\t\t\t<div class=\"elementor-element elementor-element-ca82e20 elementor-widget elementor-widget-image\" data-id=\"ca82e20\" data-element_type=\"widget\" data-e-type=\"widget\" data-widget_type=\"image.default\">\n\t\t\t\t<div class=\"elementor-widget-container\">\n\t\t\t\t\t\t\t\t\t\t\t\t\t\t\t<img fetchpriority=\"high\" decoding=\"async\" width=\"800\" height=\"684\" src=\"https:\/\/coiqcv.com\/wp-content\/uploads\/2023\/11\/Sergio-Andres-Romero-ha-obtenido-el-Accesit-Ingenieria-del-Agua-y-Cambio-Climatico-e1700573831965-1024x876.jpg\" class=\"attachment-large size-large wp-image-4132\" alt=\"\" srcset=\"https:\/\/coiqcv.com\/wp-content\/uploads\/2023\/11\/Sergio-Andres-Romero-ha-obtenido-el-Accesit-Ingenieria-del-Agua-y-Cambio-Climatico-e1700573831965-1024x876.jpg 1024w, https:\/\/coiqcv.com\/wp-content\/uploads\/2023\/11\/Sergio-Andres-Romero-ha-obtenido-el-Accesit-Ingenieria-del-Agua-y-Cambio-Climatico-e1700573831965-300x257.jpg 300w, https:\/\/coiqcv.com\/wp-content\/uploads\/2023\/11\/Sergio-Andres-Romero-ha-obtenido-el-Accesit-Ingenieria-del-Agua-y-Cambio-Climatico-e1700573831965-768x657.jpg 768w, https:\/\/coiqcv.com\/wp-content\/uploads\/2023\/11\/Sergio-Andres-Romero-ha-obtenido-el-Accesit-Ingenieria-del-Agua-y-Cambio-Climatico-e1700573831965-14x12.jpg 14w, https:\/\/coiqcv.com\/wp-content\/uploads\/2023\/11\/Sergio-Andres-Romero-ha-obtenido-el-Accesit-Ingenieria-del-Agua-y-Cambio-Climatico-e1700573831965.jpg 1263w\" sizes=\"(max-width: 800px) 100vw, 800px\" \/>\t\t\t\t\t\t\t\t\t\t\t\t\t\t\t<\/div>\n\t\t\t\t<\/div>\n\t\t\t\t\t<\/div>\n\t\t\t\t<\/div>\n\t\t<div data-particle_enable=\"false\" data-particle-mobile-disabled=\"false\" class=\"elementor-element elementor-element-9661f08 e-flex e-con-boxed e-con e-parent\" data-id=\"9661f08\" data-element_type=\"container\" data-e-type=\"container\" data-settings=\"{&quot;jet_parallax_layout_list&quot;:[]}\">\n\t\t\t\t\t<div class=\"e-con-inner\">\n\t\t\t\t<div class=\"elementor-element elementor-element-72d0e64 elementor-widget elementor-widget-text-editor\" data-id=\"72d0e64\" data-element_type=\"widget\" data-e-type=\"widget\" data-widget_type=\"text-editor.default\">\n\t\t\t\t<div class=\"elementor-widget-container\">\n\t\t\t\t\t\t\t\t\t<p><em><span style=\"color: var( --e-global-color-text ); font-family: var( --e-global-typography-text-font-family ), Sans-serif; text-align: var(--text-align);\">Sergio Andr\u00e9s Romero va ser guardonat amb l&#039;acc\u00e9s \u201cEnginyeria de l&#039;Aigua i Canvi Clim\u00e0tic\u201d<\/span><\/em>\u00a0<\/p>\n<p><b>Adri\u00e1n L\u00f3pez<\/b> va obtenir l&#039;acc\u00e9s a la categoria de <strong>\u201cPlaneta i Desenvolupament Sostenible\u201d<\/strong> -patrocinat per la C\u00e0tedra Planeta i Desenvolupament Sostenible- per una tesi doctoral, dirigida per Javier Senent (Universitat Cat\u00f2lica Sant Antoni de M\u00farcia), que desenvolupa un model integral per a l&#039;avaluaci\u00f3 de possibles solucions als problemes ambientals en \u00e0rees d&#039;agricultura intensiva.<\/p>\n<p><!-- \/wp:paragraph --><!-- wp:paragraph --><\/p>\n<p>Finalment, <strong>Marina Clement<\/strong> es va al\u00e7ar amb l&#039;acc\u00e9s a la categoria de <strong>\u201cDessalaci\u00f3 i Desenvolupament Sostenible\u201d<\/strong> -patrocinat per PAVAGUA Ambiental- per un TFM, dirigit per M\u00aa Asunci\u00f3n Quintanilla (Universitat Aut\u00f2noma de Madrid) i Manuel Belmonte (ICV-CSIC), centrat en el desenvolupament i fabricaci\u00f3 de catalitzadors 3D monol\u00edtics de pal\u00b7ladi (Pd).<\/p>\n<p><!-- \/wp:paragraph --><!-- wp:paragraph --><\/p>\n<p>La cerim\u00f2nia de lliurament va comptar amb la pres\u00e8ncia de <strong>autoritats procedents de l&#039;\u00e0mbit acad\u00e8mic, empresarial i pol\u00edtic<\/strong>, els que <strong>van destacar l&#039;impacte positiu dels Premis IIAMA sobre la investigaci\u00f3 i transfer\u00e8ncia del sector de l&#039;aigua<\/strong>.<\/p>\t\t\t\t\t\t\t\t<\/div>\n\t\t\t\t<\/div>\n\t\t\t\t\t<\/div>\n\t\t\t\t<\/div>\n\t\t\t\t<\/div>","protected":false},"excerpt":{"rendered":"<p>El 10 de noviembre, el COIQCV tuvo el honor en asistir como patrocinador a la IX edici\u00f3n de los premios IIAMA. otorgados a los mejores trabajos acad\u00e9micos tesis doctoral\/TFM\/TFG defendidos en universidades espa\u00f1olas. Estos premios nacionales son una convocatoria de referencia y prestigio dado que distinguen los mejores trabajos de j\u00f3venes investigadores en el \u00e1mbito [&hellip;]<\/p>\n","protected":false},"author":1,"featured_media":4128,"comment_status":"closed","ping_status":"","sticky":false,"template":"","format":"standard","meta":{"_monsterinsights_skip_tracking":false,"_monsterinsights_sitenote_active":false,"_monsterinsights_sitenote_note":"","_monsterinsights_sitenote_category":0,"_uf_show_specific_survey":0,"_uf_disable_surveys":false,"footnotes":""},"categories":[1,16],"tags":[],"class_list":["post-4144","post","type-post","status-publish","format-standard","has-post-thumbnail","hentry","category-coiqcv","category-eventos"],"aioseo_notices":[],"_links":{"self":[{"href":"https:\/\/coiqcv.com\/val\/wp-json\/wp\/v2\/posts\/4144","targetHints":{"allow":["GET"]}}],"collection":[{"href":"https:\/\/coiqcv.com\/val\/wp-json\/wp\/v2\/posts"}],"about":[{"href":"https:\/\/coiqcv.com\/val\/wp-json\/wp\/v2\/types\/post"}],"author":[{"embeddable":true,"href":"https:\/\/coiqcv.com\/val\/wp-json\/wp\/v2\/users\/1"}],"replies":[{"embeddable":true,"href":"https:\/\/coiqcv.com\/val\/wp-json\/wp\/v2\/comments?post=4144"}],"version-history":[{"count":5,"href":"https:\/\/coiqcv.com\/val\/wp-json\/wp\/v2\/posts\/4144\/revisions"}],"predecessor-version":[{"id":4149,"href":"https:\/\/coiqcv.com\/val\/wp-json\/wp\/v2\/posts\/4144\/revisions\/4149"}],"wp:featuredmedia":[{"embeddable":true,"href":"https:\/\/coiqcv.com\/val\/wp-json\/wp\/v2\/media\/4128"}],"wp:attachment":[{"href":"https:\/\/coiqcv.com\/val\/wp-json\/wp\/v2\/media?parent=4144"}],"wp:term":[{"taxonomy":"category","embeddable":true,"href":"https:\/\/coiqcv.com\/val\/wp-json\/wp\/v2\/categories?post=4144"},{"taxonomy":"post_tag","embeddable":true,"href":"https:\/\/coiqcv.com\/val\/wp-json\/wp\/v2\/tags?post=4144"}],"curies":[{"name":"wp","href":"https:\/\/api.w.org\/{rel}","templated":true}]}}