{"id":3876,"date":"2023-09-20T17:55:14","date_gmt":"2023-09-20T15:55:14","guid":{"rendered":"https:\/\/pro-ser-001.datia-analytics.com\/?p=3876"},"modified":"2024-04-04T12:24:18","modified_gmt":"2024-04-04T10:24:18","slug":"coiqcv-participa-en-la-xvii-asamblea-de-la-conferencia-de-directores-y-decanos-de-ingenieria-quimica","status":"publish","type":"post","link":"https:\/\/coiqcv.com\/val\/coiqcv-participa-en-la-xvii-asamblea-de-la-conferencia-de-directores-y-decanos-de-ingenieria-quimica\/","title":{"rendered":"COIQCV participa a la XVII Assemblea de la Confer\u00e8ncia de Directors i Degans d&#039;Enginyeria Qu\u00edmica"},"content":{"rendered":"<div data-elementor-type=\"wp-post\" data-elementor-id=\"3876\" class=\"elementor elementor-3876\" data-elementor-post-type=\"post\">\n\t\t\t\t<div data-particle_enable=\"false\" data-particle-mobile-disabled=\"false\" class=\"elementor-element elementor-element-7d6a264e e-flex e-con-boxed e-con e-parent\" data-id=\"7d6a264e\" data-element_type=\"container\" data-e-type=\"container\" data-settings=\"{&quot;jet_parallax_layout_list&quot;:[]}\">\n\t\t\t\t\t<div class=\"e-con-inner\">\n\t\t\t\t<div class=\"elementor-element elementor-element-7a8295af elementor-drop-cap-yes elementor-drop-cap-view-default elementor-widget elementor-widget-text-editor\" data-id=\"7a8295af\" data-element_type=\"widget\" data-e-type=\"widget\" data-settings=\"{&quot;drop_cap&quot;:&quot;yes&quot;}\" data-widget_type=\"text-editor.default\">\n\t\t\t\t<div class=\"elementor-widget-container\">\n\t\t\t\t\t\t\t\t\t\n<p>Dimecres passat 13 de setembre, al Sal\u00f3 d&#039;Actes de l&#039;Edifici de l&#039;Institut Universitari de Tecnologia Cer\u00e0mica (Universitat Jaume I de Castell\u00f3) va tenir lloc la\u00a0<strong>XVII Assemblea<\/strong>\u00a0de la\u00a0<strong>CODDIQ.<\/strong><br \/>Van convidar a assistir al <strong>CO<span style=\"color: #c80028;\">IQ<\/span>CV<\/strong> i al COPIQCLM (tots dos col\u00b7legis professionals d&#039;enginyeria qu\u00edmica) per abordar diversos temes d&#039;inter\u00e8s de la doc\u00e8ncia, el professorat i, sobretot, la professi\u00f3 d&#039;Enginyeria Qu\u00edmica a Espanya; tot aix\u00f2 aprofitant la celebraci\u00f3 de les XXXVII Jornades dEnginyeria Qu\u00edmica.<\/p>\n\n<p>El\u00a0<strong>ordre del dia<\/strong>\u00a0de l&#039;Assemblea de CODDIQ va ser el seg\u00fcent:<\/p>\n\n<ul class=\"wp-block-list\">\n<li>Aprovaci\u00f3 d&#039;actes de la XVI Assemblea General<\/li>\n\n<li>Ratificaci\u00f3 d&#039;acords adoptats per la Comissi\u00f3 Permanent<\/li>\n\n<li>Situaci\u00f3 dels problemes d\u201facreditaci\u00f3 del professorat per part de l\u201fANECA<\/li>\n\n<li>Taula de ponderacions d&#039;assignatures de batxillerat per accedir a la titulaci\u00f3 de Grau en Enginyeria Qu\u00edmica<\/li>\n\n<li>Estatus actual de les titulacions de Grau i M\u00e0ster en Enginyeria Qu\u00edmica<\/li>\n\n<li>Informe de tresoreria<\/li>\n\n<li>Properes actuacions CODDIQ (CIDIQ i Jornades Nacionals): proposta calendari de presentaci\u00f3 de sol\u00b7licituds i baremaci\u00f3<\/li>\n\n<li>Participaci\u00f3 de CODDIQ a l&#039;Institut d&#039;Enginyeria d&#039;Espanya<\/li>\n\n<li>\u00c0mbits, camps de coneixement, etc.: actualitzaci\u00f3<\/li>\n\n<li><strong>Informe dels Col\u00b7legis Professionals<\/strong><\/li>\n\n<li>Assumptes de Tr\u00e0mit<\/li>\n\n<li>Precs i preguntes<\/li>\n<\/ul>\n\n<p>\u00a0<\/p>\n<p>Al punt dels<span style=\"color: #c80028;\"> Col\u00b7legis Professionals<\/span> vam poder posar en com\u00fa amb la comunitat docent universit\u00e0ria diversos temes concernents al desenvolupament de l&#039;Enginyeria Qu\u00edmica a nivell nacional, aix\u00ed com exposar punts de vista i observacions sobre els diferents \u00e0mbits representats en aquesta assemblea, sempre sota el prisma del nostre col\u00b7lectiu professional i les \u00e0rees de treball en qu\u00e8 exercim despr\u00e9s de la finalitzaci\u00f3 dels corresponents estudis universitaris.<\/p>\n\n<p><br \/>Va ser una experi\u00e8ncia molt enriquidora i molt beneficiosa per a totes les persones i institucions all\u00e0 representades.<\/p>\n\n<p>\u00a0<\/p>\n\t\t\t\t\t\t\t\t<\/div>\n\t\t\t\t<\/div>\n\t\t\t\t\t<\/div>\n\t\t\t\t<\/div>\n\t\t\t\t<\/div>","protected":false},"excerpt":{"rendered":"<p>El pasado mi\u00e9rcoles 13 de septiembre, en el Sal\u00f3n de Actos del Edificio del Instituto Universitario de Tecnolog\u00eda Cer\u00e1mica (Universidad Jaume I de Castell\u00f3n) tuvo lugar la\u00a0XVII Asamblea\u00a0de la\u00a0CODDIQ.Invitaron a asistir al COIQCV y al COPIQCLM (ambos colegios profesionales de ingenier\u00eda qu\u00edmica) para abordar varios temas de inter\u00e9s de la docencia, el profesorado y, sobre [&hellip;]<\/p>\n","protected":false},"author":1,"featured_media":3877,"comment_status":"closed","ping_status":"","sticky":false,"template":"","format":"standard","meta":{"_monsterinsights_skip_tracking":false,"_monsterinsights_sitenote_active":false,"_monsterinsights_sitenote_note":"","_monsterinsights_sitenote_category":0,"_uf_show_specific_survey":0,"_uf_disable_surveys":false,"footnotes":""},"categories":[1,16],"tags":[],"class_list":["post-3876","post","type-post","status-publish","format-standard","has-post-thumbnail","hentry","category-coiqcv","category-eventos"],"aioseo_notices":[],"_links":{"self":[{"href":"https:\/\/coiqcv.com\/val\/wp-json\/wp\/v2\/posts\/3876","targetHints":{"allow":["GET"]}}],"collection":[{"href":"https:\/\/coiqcv.com\/val\/wp-json\/wp\/v2\/posts"}],"about":[{"href":"https:\/\/coiqcv.com\/val\/wp-json\/wp\/v2\/types\/post"}],"author":[{"embeddable":true,"href":"https:\/\/coiqcv.com\/val\/wp-json\/wp\/v2\/users\/1"}],"replies":[{"embeddable":true,"href":"https:\/\/coiqcv.com\/val\/wp-json\/wp\/v2\/comments?post=3876"}],"version-history":[{"count":4,"href":"https:\/\/coiqcv.com\/val\/wp-json\/wp\/v2\/posts\/3876\/revisions"}],"predecessor-version":[{"id":3881,"href":"https:\/\/coiqcv.com\/val\/wp-json\/wp\/v2\/posts\/3876\/revisions\/3881"}],"wp:featuredmedia":[{"embeddable":true,"href":"https:\/\/coiqcv.com\/val\/wp-json\/wp\/v2\/media\/3877"}],"wp:attachment":[{"href":"https:\/\/coiqcv.com\/val\/wp-json\/wp\/v2\/media?parent=3876"}],"wp:term":[{"taxonomy":"category","embeddable":true,"href":"https:\/\/coiqcv.com\/val\/wp-json\/wp\/v2\/categories?post=3876"},{"taxonomy":"post_tag","embeddable":true,"href":"https:\/\/coiqcv.com\/val\/wp-json\/wp\/v2\/tags?post=3876"}],"curies":[{"name":"wp","href":"https:\/\/api.w.org\/{rel}","templated":true}]}}